{"id":3939,"date":"2024-10-03T16:53:56","date_gmt":"2024-10-03T19:53:56","guid":{"rendered":"https:\/\/emisoracolon.com.ar\/?p=3939"},"modified":"2024-10-03T16:53:56","modified_gmt":"2024-10-03T19:53:56","slug":"ya-la-veto","status":"publish","type":"post","link":"https:\/\/emisoracolon.com.ar\/index.php\/2024\/10\/03\/ya-la-veto\/","title":{"rendered":"Ya la vet\u00f3"},"content":{"rendered":"\n<p>El presidente Javier Milei vet\u00f3 la ley de financiamiento universitario, a pocas horas de una masiva marcha que tuvo su epicentro en el Congreso Nacional. El Gobierno hab\u00eda anticipado esta decisi\u00f3n el mi\u00e9rcoles por la tarde, y finalmente se confirm\u00f3 poco antes de la medianoche con la publicaci\u00f3n del decreto 879\/2024 en el Bolet\u00edn Oficial. En el decreto, se argumenta que \u201cel proyecto de ley es manifiestamente violatorio del marco jur\u00eddico vigente, ya que no contempla el impacto fiscal de la medida ni determina la fuente de su financiamiento\u201d. Este veto representa el segundo rechazo del Ejecutivo a una ley aprobada por el Congreso, despu\u00e9s de la desestimaci\u00f3n de la recomposici\u00f3n de las jubilaciones.<\/p>\n","protected":false},"excerpt":{"rendered":"<p>El presidente Javier Milei vet\u00f3 la ley de financiamiento universitario, a pocas horas de una masiva marcha que tuvo su epicentro en el Congreso Nacional. El Gobierno hab\u00eda anticipado esta decisi\u00f3n el&#8230;<\/p>\n","protected":false},"author":1,"featured_media":3940,"comment_status":"open","ping_status":"open","sticky":false,"template":"","format":"standard","meta":{"footnotes":""},"categories":[7,3],"tags":[],"class_list":["post-3939","post","type-post","status-publish","format-standard","has-post-thumbnail","hentry","category-cultura","category-general"],"_links":{"self":[{"href":"https:\/\/emisoracolon.com.ar\/index.php\/wp-json\/wp\/v2\/posts\/3939","targetHints":{"allow":["GET"]}}],"collection":[{"href":"https:\/\/emisoracolon.com.ar\/index.php\/wp-json\/wp\/v2\/posts"}],"about":[{"href":"https:\/\/emisoracolon.com.ar\/index.php\/wp-json\/wp\/v2\/types\/post"}],"author":[{"embeddable":true,"href":"https:\/\/emisoracolon.com.ar\/index.php\/wp-json\/wp\/v2\/users\/1"}],"replies":[{"embeddable":true,"href":"https:\/\/emisoracolon.com.ar\/index.php\/wp-json\/wp\/v2\/comments?post=3939"}],"version-history":[{"count":1,"href":"https:\/\/emisoracolon.com.ar\/index.php\/wp-json\/wp\/v2\/posts\/3939\/revisions"}],"predecessor-version":[{"id":3941,"href":"https:\/\/emisoracolon.com.ar\/index.php\/wp-json\/wp\/v2\/posts\/3939\/revisions\/3941"}],"wp:featuredmedia":[{"embeddable":true,"href":"https:\/\/emisoracolon.com.ar\/index.php\/wp-json\/wp\/v2\/media\/3940"}],"wp:attachment":[{"href":"https:\/\/emisoracolon.com.ar\/index.php\/wp-json\/wp\/v2\/media?parent=3939"}],"wp:term":[{"taxonomy":"category","embeddable":true,"href":"https:\/\/emisoracolon.com.ar\/index.php\/wp-json\/wp\/v2\/categories?post=3939"},{"taxonomy":"post_tag","embeddable":true,"href":"https:\/\/emisoracolon.com.ar\/index.php\/wp-json\/wp\/v2\/tags?post=3939"}],"curies":[{"name":"wp","href":"https:\/\/api.w.org\/{rel}","templated":true}]}}