{"id":3936,"date":"2024-10-03T16:49:52","date_gmt":"2024-10-03T19:49:52","guid":{"rendered":"https:\/\/emisoracolon.com.ar\/?p=3936"},"modified":"2024-10-03T16:49:52","modified_gmt":"2024-10-03T19:49:52","slug":"colon-se-sumo-a-la-protesta-nacional","status":"publish","type":"post","link":"https:\/\/emisoracolon.com.ar\/index.php\/2024\/10\/03\/colon-se-sumo-a-la-protesta-nacional\/","title":{"rendered":"Col\u00f3n se sum\u00f3 a la protesta nacional"},"content":{"rendered":"\n<p>Mientras en la Ciudad de Buenos Aires y en todas las provincias se llev\u00f3 a cabo la Marcha Federal Universitaria, en nuestra ciudad la protesta tuvo un fuerte impacto con una destacada convocatoria.<\/p>\n\n\n\n<p>A pesar que en general los vecinos colonenses no suelen participar masivamente en protestas sociales, en esta ocasi\u00f3n se congregaron muchos, provenientes de diversos sectores sociales. No solo participaron docentes y no docentes, sino que estuvieron acompa\u00f1ados por representantes de distintos \u00e1mbitos pol\u00edticos y sociales de la ciudad. Entre los asistentes se destacaba una significativa presencia de sectores de clase media, que salieron a las calles para defender no solo la educaci\u00f3n y la universidad p\u00fablica, sino tambi\u00e9n para expresar su descontento ante las pol\u00edticas del gobierno nacional.<\/p>\n\n\n\n<p>La marcha parti\u00f3 desde el centro de la ciudad y avanz\u00f3 por la calle 47 hasta llegar a la esquina con el bulevar 17, donde algunos docentes y ex docentes tomaron la palabra y leyeron un documento que reflejaba los motivos de la protesta. De esta manera, se replic\u00f3 a nivel local la movilizaci\u00f3n nacional en defensa de la universidad y la educaci\u00f3n p\u00fablicas, adem\u00e1s de manifestarse en contra del anunciado veto del presidente Javier Milei a la ley aprobada por el Congreso para aumentar el presupuesto de las universidades, uno de los sectores m\u00e1s afectados por el ajuste fiscal del gobierno de La Libertad Avanza, junto con la ciencia y la investigaci\u00f3n.<\/p>\n\n\n\n<p>La movilizaci\u00f3n dej\u00f3 claro que la protesta iba m\u00e1s all\u00e1 del \u00e1mbito educativo; se dirig\u00eda tambi\u00e9n contra el ajuste, representado simb\u00f3licamente por la &#8220;motosierra&#8221; y la &#8220;licuadora&#8221; del discurso oficial. Los recortes no afectan a los acreedores externos, ni a los bonistas, ni a las grandes empresas de servicios p\u00fablicos esenciales como el agua, la luz o el gas. Parad\u00f3jicamente, tampoco impactan en los sectores m\u00e1s acaudalados, sobre los cuales se redujo el Impuesto a los Bienes Personales. En cambio, la protesta reflej\u00f3 la movilizaci\u00f3n de las verdaderas v\u00edctimas de estas pol\u00edticas.<\/p>\n","protected":false},"excerpt":{"rendered":"<p>Mientras en la Ciudad de Buenos Aires y en todas las provincias se llev\u00f3 a cabo la Marcha Federal Universitaria, en nuestra ciudad la protesta tuvo un fuerte impacto con una destacada&#8230;<\/p>\n","protected":false},"author":1,"featured_media":3937,"comment_status":"open","ping_status":"open","sticky":false,"template":"","format":"standard","meta":{"footnotes":""},"categories":[7,3],"tags":[],"class_list":["post-3936","post","type-post","status-publish","format-standard","has-post-thumbnail","hentry","category-cultura","category-general"],"_links":{"self":[{"href":"https:\/\/emisoracolon.com.ar\/index.php\/wp-json\/wp\/v2\/posts\/3936","targetHints":{"allow":["GET"]}}],"collection":[{"href":"https:\/\/emisoracolon.com.ar\/index.php\/wp-json\/wp\/v2\/posts"}],"about":[{"href":"https:\/\/emisoracolon.com.ar\/index.php\/wp-json\/wp\/v2\/types\/post"}],"author":[{"embeddable":true,"href":"https:\/\/emisoracolon.com.ar\/index.php\/wp-json\/wp\/v2\/users\/1"}],"replies":[{"embeddable":true,"href":"https:\/\/emisoracolon.com.ar\/index.php\/wp-json\/wp\/v2\/comments?post=3936"}],"version-history":[{"count":1,"href":"https:\/\/emisoracolon.com.ar\/index.php\/wp-json\/wp\/v2\/posts\/3936\/revisions"}],"predecessor-version":[{"id":3938,"href":"https:\/\/emisoracolon.com.ar\/index.php\/wp-json\/wp\/v2\/posts\/3936\/revisions\/3938"}],"wp:featuredmedia":[{"embeddable":true,"href":"https:\/\/emisoracolon.com.ar\/index.php\/wp-json\/wp\/v2\/media\/3937"}],"wp:attachment":[{"href":"https:\/\/emisoracolon.com.ar\/index.php\/wp-json\/wp\/v2\/media?parent=3936"}],"wp:term":[{"taxonomy":"category","embeddable":true,"href":"https:\/\/emisoracolon.com.ar\/index.php\/wp-json\/wp\/v2\/categories?post=3936"},{"taxonomy":"post_tag","embeddable":true,"href":"https:\/\/emisoracolon.com.ar\/index.php\/wp-json\/wp\/v2\/tags?post=3936"}],"curies":[{"name":"wp","href":"https:\/\/api.w.org\/{rel}","templated":true}]}}