{"id":3930,"date":"2024-10-02T18:18:49","date_gmt":"2024-10-02T21:18:49","guid":{"rendered":"https:\/\/emisoracolon.com.ar\/?p=3930"},"modified":"2024-10-02T18:18:49","modified_gmt":"2024-10-02T21:18:49","slug":"conta-conmigo-conciencia-y-trabajo","status":"publish","type":"post","link":"https:\/\/emisoracolon.com.ar\/index.php\/2024\/10\/02\/conta-conmigo-conciencia-y-trabajo\/","title":{"rendered":"Cont\u00e1 conmigo: conciencia y trabajo"},"content":{"rendered":"\n<p>Paola Sarmoria forma parte del grupo &#8220;Cont\u00e1 Conmigo&#8221; y comparti\u00f3 detalles sobre los or\u00edgenes del grupo y las actividades planificadas para este mes de concientizaci\u00f3n sobre el c\u00e1ncer de mama, especialmente la prevista para el s\u00e1bado 13.<\/p>\n\n\n\n<p>&#8220;Empezamos hace un a\u00f1o con esta labor, confeccionando cascos fr\u00edos para acompa\u00f1ar los tratamientos de quimioterapia&#8221;, explic\u00f3 Sarmoria. El casco fr\u00edo es utilizado para inhibir la ca\u00edda total o parcial del cabello durante estos tratamientos, rompiendo mitos sobre el tema. &#8220;Comenzamos como una prueba piloto con una amiga diagnosticada con c\u00e1ncer de mama, y vimos los resultados cuando a ella no se le cay\u00f3 el pelo durante la quimio. Eso nos impuls\u00f3 a seguir adelante.&#8221;<\/p>\n\n\n\n<p>Desde entonces, el grupo ha trabajado en la difusi\u00f3n de esta iniciativa, ayudando a muchas personas a trav\u00e9s de sus cascos fr\u00edos. Ahora, adem\u00e1s, se preparan para un evento especial el pr\u00f3ximo 13 de octubre, en conmemoraci\u00f3n del D\u00eda de la Concientizaci\u00f3n y Prevenci\u00f3n del C\u00e1ncer de Mama, que se celebra el 19 de octubre. &#8220;Decidimos hacerlo comenzando con una bicicleteada, caminata y carrera para comenzar la jornada&#8221;, detall\u00f3.<\/p>\n\n\n\n<p>El evento, que comenzar\u00e1 en el Museo (47 y 26), contar\u00e1 con la participaci\u00f3n de varias organizaciones, como el grupo de ciclistas &#8220;Pedaleando&#8221; y el Centro de Educaci\u00f3n F\u00edsica (CEF). El recorrido abarcar\u00e1 varias calles del centro de la ciudad y culminar\u00e1 en el polo, donde se realizar\u00e1 un corte de cinta simb\u00f3lico para inaugurar las actividades. Habr\u00e1 puestos de hidrataci\u00f3n, frutas, y cintas rosas para todos los participantes.<\/p>\n\n\n\n<p>Adem\u00e1s de las actividades f\u00edsicas, el evento ofrecer\u00e1 una variedad de propuestas din\u00e1micas, como exposiciones fotogr\u00e1ficas, presentaciones musicales, espect\u00e1culos de danza (espa\u00f1ola y \u00e1rabe), clases abiertas de zumba, y stands de artesanos locales. El servicio de buffet estar\u00e1 a cargo de dos escuelas especiales, mientras que el CEF tambi\u00e9n organizar\u00e1 mini deportes y kermeses.<\/p>\n\n\n\n<p>&#8220;Destacamos las charlas de profesionales de la salud, como onc\u00f3logos, ginec\u00f3logos, psiquiatras y nutricionistas, que brindar\u00e1n informaci\u00f3n esencial sobre el c\u00e1ncer de mama&#8221;, a\u00f1adi\u00f3 Sarmoria. El objetivo es crear un espacio de concientizaci\u00f3n, donde la gente pueda aprender sobre la importancia de la detecci\u00f3n temprana, no solo para las mujeres, sino tambi\u00e9n para los hombres, quienes, aunque representan un 4% de los casos, tambi\u00e9n pueden padecer c\u00e1ncer de mama.<\/p>\n\n\n\n<p>&#8220;Este mes es especial para nosotros porque, adem\u00e1s de confeccionar los cascos fr\u00edos, queremos concientizar\u201d, nos dijo entre otras consideraciones<\/p>\n","protected":false},"excerpt":{"rendered":"<p>Paola Sarmoria forma parte del grupo &#8220;Cont\u00e1 Conmigo&#8221; y comparti\u00f3 detalles sobre los or\u00edgenes del grupo y las actividades planificadas para este mes de concientizaci\u00f3n sobre el c\u00e1ncer de mama, especialmente la&#8230;<\/p>\n","protected":false},"author":1,"featured_media":3931,"comment_status":"open","ping_status":"open","sticky":false,"template":"","format":"standard","meta":{"footnotes":""},"categories":[7,3],"tags":[],"class_list":["post-3930","post","type-post","status-publish","format-standard","has-post-thumbnail","hentry","category-cultura","category-general"],"_links":{"self":[{"href":"https:\/\/emisoracolon.com.ar\/index.php\/wp-json\/wp\/v2\/posts\/3930","targetHints":{"allow":["GET"]}}],"collection":[{"href":"https:\/\/emisoracolon.com.ar\/index.php\/wp-json\/wp\/v2\/posts"}],"about":[{"href":"https:\/\/emisoracolon.com.ar\/index.php\/wp-json\/wp\/v2\/types\/post"}],"author":[{"embeddable":true,"href":"https:\/\/emisoracolon.com.ar\/index.php\/wp-json\/wp\/v2\/users\/1"}],"replies":[{"embeddable":true,"href":"https:\/\/emisoracolon.com.ar\/index.php\/wp-json\/wp\/v2\/comments?post=3930"}],"version-history":[{"count":1,"href":"https:\/\/emisoracolon.com.ar\/index.php\/wp-json\/wp\/v2\/posts\/3930\/revisions"}],"predecessor-version":[{"id":3932,"href":"https:\/\/emisoracolon.com.ar\/index.php\/wp-json\/wp\/v2\/posts\/3930\/revisions\/3932"}],"wp:featuredmedia":[{"embeddable":true,"href":"https:\/\/emisoracolon.com.ar\/index.php\/wp-json\/wp\/v2\/media\/3931"}],"wp:attachment":[{"href":"https:\/\/emisoracolon.com.ar\/index.php\/wp-json\/wp\/v2\/media?parent=3930"}],"wp:term":[{"taxonomy":"category","embeddable":true,"href":"https:\/\/emisoracolon.com.ar\/index.php\/wp-json\/wp\/v2\/categories?post=3930"},{"taxonomy":"post_tag","embeddable":true,"href":"https:\/\/emisoracolon.com.ar\/index.php\/wp-json\/wp\/v2\/tags?post=3930"}],"curies":[{"name":"wp","href":"https:\/\/api.w.org\/{rel}","templated":true}]}}