{"id":3924,"date":"2024-10-02T18:15:06","date_gmt":"2024-10-02T21:15:06","guid":{"rendered":"https:\/\/emisoracolon.com.ar\/?p=3924"},"modified":"2024-10-02T18:15:06","modified_gmt":"2024-10-02T21:15:06","slug":"todos-por-la-educacion-publica","status":"publish","type":"post","link":"https:\/\/emisoracolon.com.ar\/index.php\/2024\/10\/02\/todos-por-la-educacion-publica\/","title":{"rendered":"Todos por la Educaci\u00f3n P\u00fablica"},"content":{"rendered":"\n<p>Rectorados, gremios y alumnos convocan a la movilizaci\u00f3n frente al Congreso a las 17 horas. Se suman sindicatos, organizaciones sociales y organismos de derechos humanos.<\/p>\n\n\n\n<p>La movilizaciones se desarrollar\u00e1n en todo el pa\u00eds, en nuestro medio un grupo importantes de vecinos se movilizar\u00e1 desde las 18:30 con punto de encuentro en 47 y 22.<\/p>\n\n\n\n<p>Con un trabajo de difusi\u00f3n intenso convocan con la consigna \u201cSi crees que tu hijo\/a merece la oportunidad de estudiar progresar sumate a la marcha federal por la educaci\u00f3n p\u00fablica.<\/p>\n\n\n\n<p>Todos, por segunda vez a la calle en defensa de la educaci\u00f3n p\u00fablica como fue el 23 de abril. Si bien la movilizaci\u00f3n multitudinaria ser\u00e1 en la Ciudad de Buenos Aires, tambi\u00e9n habr\u00e1 concentraciones en todas las provincias y en ciudades como la nuestra. \u201cEl Gobierno muestra una falta de visi\u00f3n estrat\u00e9gica que la formaci\u00f3n de los j\u00f3venes es el futuro de la Argentina\u201d, \u201cExigen que se actualicen los montos de las becas nacionales y los gastos de funcionamiento para que cada instituci\u00f3n puede generar sus propias becas a trav\u00e9s de los fondos que dispone\u201d.<\/p>\n","protected":false},"excerpt":{"rendered":"<p>Rectorados, gremios y alumnos convocan a la movilizaci\u00f3n frente al Congreso a las 17 horas. Se suman sindicatos, organizaciones sociales y organismos de derechos humanos. La movilizaciones se desarrollar\u00e1n en todo el&#8230;<\/p>\n","protected":false},"author":1,"featured_media":3852,"comment_status":"open","ping_status":"open","sticky":false,"template":"","format":"standard","meta":{"footnotes":""},"categories":[3],"tags":[],"class_list":["post-3924","post","type-post","status-publish","format-standard","has-post-thumbnail","hentry","category-general"],"_links":{"self":[{"href":"https:\/\/emisoracolon.com.ar\/index.php\/wp-json\/wp\/v2\/posts\/3924","targetHints":{"allow":["GET"]}}],"collection":[{"href":"https:\/\/emisoracolon.com.ar\/index.php\/wp-json\/wp\/v2\/posts"}],"about":[{"href":"https:\/\/emisoracolon.com.ar\/index.php\/wp-json\/wp\/v2\/types\/post"}],"author":[{"embeddable":true,"href":"https:\/\/emisoracolon.com.ar\/index.php\/wp-json\/wp\/v2\/users\/1"}],"replies":[{"embeddable":true,"href":"https:\/\/emisoracolon.com.ar\/index.php\/wp-json\/wp\/v2\/comments?post=3924"}],"version-history":[{"count":1,"href":"https:\/\/emisoracolon.com.ar\/index.php\/wp-json\/wp\/v2\/posts\/3924\/revisions"}],"predecessor-version":[{"id":3925,"href":"https:\/\/emisoracolon.com.ar\/index.php\/wp-json\/wp\/v2\/posts\/3924\/revisions\/3925"}],"wp:featuredmedia":[{"embeddable":true,"href":"https:\/\/emisoracolon.com.ar\/index.php\/wp-json\/wp\/v2\/media\/3852"}],"wp:attachment":[{"href":"https:\/\/emisoracolon.com.ar\/index.php\/wp-json\/wp\/v2\/media?parent=3924"}],"wp:term":[{"taxonomy":"category","embeddable":true,"href":"https:\/\/emisoracolon.com.ar\/index.php\/wp-json\/wp\/v2\/categories?post=3924"},{"taxonomy":"post_tag","embeddable":true,"href":"https:\/\/emisoracolon.com.ar\/index.php\/wp-json\/wp\/v2\/tags?post=3924"}],"curies":[{"name":"wp","href":"https:\/\/api.w.org\/{rel}","templated":true}]}}