{"id":3919,"date":"2024-10-02T18:13:09","date_gmt":"2024-10-02T21:13:09","guid":{"rendered":"https:\/\/emisoracolon.com.ar\/?p=3919"},"modified":"2024-10-02T18:13:09","modified_gmt":"2024-10-02T21:13:09","slug":"encuentro-regional-de-cultura-en-colon","status":"publish","type":"post","link":"https:\/\/emisoracolon.com.ar\/index.php\/2024\/10\/02\/encuentro-regional-de-cultura-en-colon\/","title":{"rendered":"Encuentro Regional de Cultura en Col\u00f3n"},"content":{"rendered":"\n<p>La Municipalidad de Col\u00f3n y el Instituto Cultural de la Provincia de Buenos Aires informan que el pr\u00f3ximo martes 8 de octubre, a partir de las 11 hs, se llevar\u00e1 a cabo el Encuentro Regional de Cultura en nuestra ciudad.<\/p>\n\n\n\n<p>Este encuentro est\u00e1 dirigido a trabajadores del sector cultural, \u00e1reas de gesti\u00f3n, organizaciones, colectivos e instituciones, con el fin de fomentar el debate y la organizaci\u00f3n cultural en la provincia, partiendo de las identidades locales y regionales.<\/p>\n\n\n\n<p>En esta edici\u00f3n, el evento estar\u00e1 destinado a todas las localidades de la Segunda Secci\u00f3n Electoral y se desarrollar\u00e1 en el Polo Cultural de Col\u00f3n.<\/p>\n\n\n\n<p>Los interesados pueden inscribirse a trav\u00e9s del Formulario de Inscripci\u00f3n. Para cualquier consulta, pueden escribir a culturaterritoriopba@gmail.com.<\/p>\n","protected":false},"excerpt":{"rendered":"<p>La Municipalidad de Col\u00f3n y el Instituto Cultural de la Provincia de Buenos Aires informan que el pr\u00f3ximo martes 8 de octubre, a partir de las 11 hs, se llevar\u00e1 a cabo&#8230;<\/p>\n","protected":false},"author":1,"featured_media":3920,"comment_status":"open","ping_status":"open","sticky":false,"template":"","format":"standard","meta":{"footnotes":""},"categories":[7,3],"tags":[],"class_list":["post-3919","post","type-post","status-publish","format-standard","has-post-thumbnail","hentry","category-cultura","category-general"],"_links":{"self":[{"href":"https:\/\/emisoracolon.com.ar\/index.php\/wp-json\/wp\/v2\/posts\/3919","targetHints":{"allow":["GET"]}}],"collection":[{"href":"https:\/\/emisoracolon.com.ar\/index.php\/wp-json\/wp\/v2\/posts"}],"about":[{"href":"https:\/\/emisoracolon.com.ar\/index.php\/wp-json\/wp\/v2\/types\/post"}],"author":[{"embeddable":true,"href":"https:\/\/emisoracolon.com.ar\/index.php\/wp-json\/wp\/v2\/users\/1"}],"replies":[{"embeddable":true,"href":"https:\/\/emisoracolon.com.ar\/index.php\/wp-json\/wp\/v2\/comments?post=3919"}],"version-history":[{"count":1,"href":"https:\/\/emisoracolon.com.ar\/index.php\/wp-json\/wp\/v2\/posts\/3919\/revisions"}],"predecessor-version":[{"id":3921,"href":"https:\/\/emisoracolon.com.ar\/index.php\/wp-json\/wp\/v2\/posts\/3919\/revisions\/3921"}],"wp:featuredmedia":[{"embeddable":true,"href":"https:\/\/emisoracolon.com.ar\/index.php\/wp-json\/wp\/v2\/media\/3920"}],"wp:attachment":[{"href":"https:\/\/emisoracolon.com.ar\/index.php\/wp-json\/wp\/v2\/media?parent=3919"}],"wp:term":[{"taxonomy":"category","embeddable":true,"href":"https:\/\/emisoracolon.com.ar\/index.php\/wp-json\/wp\/v2\/categories?post=3919"},{"taxonomy":"post_tag","embeddable":true,"href":"https:\/\/emisoracolon.com.ar\/index.php\/wp-json\/wp\/v2\/tags?post=3919"}],"curies":[{"name":"wp","href":"https:\/\/api.w.org\/{rel}","templated":true}]}}