{"id":3915,"date":"2024-10-02T18:09:35","date_gmt":"2024-10-02T21:09:35","guid":{"rendered":"https:\/\/emisoracolon.com.ar\/?p=3915"},"modified":"2024-10-02T18:11:57","modified_gmt":"2024-10-02T21:11:57","slug":"colores-para-sensibilizar","status":"publish","type":"post","link":"https:\/\/emisoracolon.com.ar\/index.php\/2024\/10\/02\/colores-para-sensibilizar\/","title":{"rendered":"Colores para sensibilizar"},"content":{"rendered":"\n<p>Anoche, en el primer d\u00eda del mes de octubre, el edificio de la Municipalidad de Col\u00f3n se ilumin\u00f3 de rosa como parte de una iniciativa mundial.<\/p>\n\n\n\n<p>Tanto el sector p\u00fablico como el privado se unen en una serie de acciones, as\u00ed como la organizaci\u00f3n de actividades destinadas a educar y promover la prevenci\u00f3n.<\/p>\n\n\n\n<p>Estas actividades buscan inspirar a m\u00e1s mujeres a realizarse controles peri\u00f3dicos, fundamentales para reducir la incidencia y mortalidad de este c\u00e1ncer.<\/p>\n\n\n\n<p>Detectar la enfermedad en sus etapas iniciales no solo reduce significativamente la mortalidad, sino que tambi\u00e9n permite optar por tratamientos menos agresivos, mejorando notablemente la calidad de vida de las personas afectadas.<\/p>\n\n\n\n<p>Se estima que un 30% de los casos podr\u00edan evitarse mediante medidas de prevenci\u00f3n primaria, como la promoci\u00f3n de h\u00e1bitos de vida saludables, la realizaci\u00f3n de mamograf\u00edas regulares y la educaci\u00f3n sobre el autoexamen mamario.<\/p>\n","protected":false},"excerpt":{"rendered":"<p>Anoche, en el primer d\u00eda del mes de octubre, el edificio de la Municipalidad de Col\u00f3n se ilumin\u00f3 de rosa como parte de una iniciativa mundial. Tanto el sector p\u00fablico como el&#8230;<\/p>\n","protected":false},"author":1,"featured_media":3918,"comment_status":"open","ping_status":"open","sticky":false,"template":"","format":"standard","meta":{"footnotes":""},"categories":[7,3],"tags":[],"class_list":["post-3915","post","type-post","status-publish","format-standard","has-post-thumbnail","hentry","category-cultura","category-general"],"_links":{"self":[{"href":"https:\/\/emisoracolon.com.ar\/index.php\/wp-json\/wp\/v2\/posts\/3915","targetHints":{"allow":["GET"]}}],"collection":[{"href":"https:\/\/emisoracolon.com.ar\/index.php\/wp-json\/wp\/v2\/posts"}],"about":[{"href":"https:\/\/emisoracolon.com.ar\/index.php\/wp-json\/wp\/v2\/types\/post"}],"author":[{"embeddable":true,"href":"https:\/\/emisoracolon.com.ar\/index.php\/wp-json\/wp\/v2\/users\/1"}],"replies":[{"embeddable":true,"href":"https:\/\/emisoracolon.com.ar\/index.php\/wp-json\/wp\/v2\/comments?post=3915"}],"version-history":[{"count":1,"href":"https:\/\/emisoracolon.com.ar\/index.php\/wp-json\/wp\/v2\/posts\/3915\/revisions"}],"predecessor-version":[{"id":3916,"href":"https:\/\/emisoracolon.com.ar\/index.php\/wp-json\/wp\/v2\/posts\/3915\/revisions\/3916"}],"wp:featuredmedia":[{"embeddable":true,"href":"https:\/\/emisoracolon.com.ar\/index.php\/wp-json\/wp\/v2\/media\/3918"}],"wp:attachment":[{"href":"https:\/\/emisoracolon.com.ar\/index.php\/wp-json\/wp\/v2\/media?parent=3915"}],"wp:term":[{"taxonomy":"category","embeddable":true,"href":"https:\/\/emisoracolon.com.ar\/index.php\/wp-json\/wp\/v2\/categories?post=3915"},{"taxonomy":"post_tag","embeddable":true,"href":"https:\/\/emisoracolon.com.ar\/index.php\/wp-json\/wp\/v2\/tags?post=3915"}],"curies":[{"name":"wp","href":"https:\/\/api.w.org\/{rel}","templated":true}]}}