{"id":3910,"date":"2024-10-02T18:06:58","date_gmt":"2024-10-02T21:06:58","guid":{"rendered":"https:\/\/emisoracolon.com.ar\/?p=3910"},"modified":"2024-10-02T18:11:31","modified_gmt":"2024-10-02T21:11:31","slug":"taller-de-estimulacion-cognitiva","status":"publish","type":"post","link":"https:\/\/emisoracolon.com.ar\/index.php\/2024\/10\/02\/taller-de-estimulacion-cognitiva\/","title":{"rendered":"Taller de &#8220;Estimulaci\u00f3n Cognitiva\u201d"},"content":{"rendered":"\n<p>El Centro Comunitario de Salud Mental y Consumos Problem\u00e1ticos informa que suma a sus propuestas el taller de &#8220;Estimulaci\u00f3n Cognitiva&#8221;. Comienza \u00e9ste viernes 4 de 10 a 11 en la sede de 51 e\/ 12 y 13.<\/p>\n\n\n\n<p>El objetivo de la actividad es estimular las funciones cognitivas para favorecer la autonom\u00eda funcional y el intercambio social.<\/p>\n\n\n\n<p>El taller es abierto a la comunidad para mayores de 18 a\u00f1os. Ante cualquier consulta pod\u00e9s cont\u00e1ctarte por whatsapp al 2473-456573 o acercarte personalmente a la sede del centro.<\/p>\n","protected":false},"excerpt":{"rendered":"<p>El Centro Comunitario de Salud Mental y Consumos Problem\u00e1ticos informa que suma a sus propuestas el taller de &#8220;Estimulaci\u00f3n Cognitiva&#8221;. Comienza \u00e9ste viernes 4 de 10 a 11 en la sede de&#8230;<\/p>\n","protected":false},"author":1,"featured_media":3917,"comment_status":"open","ping_status":"open","sticky":false,"template":"","format":"standard","meta":{"footnotes":""},"categories":[3],"tags":[],"class_list":["post-3910","post","type-post","status-publish","format-standard","has-post-thumbnail","hentry","category-general"],"_links":{"self":[{"href":"https:\/\/emisoracolon.com.ar\/index.php\/wp-json\/wp\/v2\/posts\/3910","targetHints":{"allow":["GET"]}}],"collection":[{"href":"https:\/\/emisoracolon.com.ar\/index.php\/wp-json\/wp\/v2\/posts"}],"about":[{"href":"https:\/\/emisoracolon.com.ar\/index.php\/wp-json\/wp\/v2\/types\/post"}],"author":[{"embeddable":true,"href":"https:\/\/emisoracolon.com.ar\/index.php\/wp-json\/wp\/v2\/users\/1"}],"replies":[{"embeddable":true,"href":"https:\/\/emisoracolon.com.ar\/index.php\/wp-json\/wp\/v2\/comments?post=3910"}],"version-history":[{"count":1,"href":"https:\/\/emisoracolon.com.ar\/index.php\/wp-json\/wp\/v2\/posts\/3910\/revisions"}],"predecessor-version":[{"id":3911,"href":"https:\/\/emisoracolon.com.ar\/index.php\/wp-json\/wp\/v2\/posts\/3910\/revisions\/3911"}],"wp:featuredmedia":[{"embeddable":true,"href":"https:\/\/emisoracolon.com.ar\/index.php\/wp-json\/wp\/v2\/media\/3917"}],"wp:attachment":[{"href":"https:\/\/emisoracolon.com.ar\/index.php\/wp-json\/wp\/v2\/media?parent=3910"}],"wp:term":[{"taxonomy":"category","embeddable":true,"href":"https:\/\/emisoracolon.com.ar\/index.php\/wp-json\/wp\/v2\/categories?post=3910"},{"taxonomy":"post_tag","embeddable":true,"href":"https:\/\/emisoracolon.com.ar\/index.php\/wp-json\/wp\/v2\/tags?post=3910"}],"curies":[{"name":"wp","href":"https:\/\/api.w.org\/{rel}","templated":true}]}}