{"id":3905,"date":"2024-10-02T17:49:31","date_gmt":"2024-10-02T20:49:31","guid":{"rendered":"https:\/\/emisoracolon.com.ar\/?p=3905"},"modified":"2024-10-02T17:50:02","modified_gmt":"2024-10-02T20:50:02","slug":"miercoles-02-de-octubre-del-2024","status":"publish","type":"post","link":"https:\/\/emisoracolon.com.ar\/index.php\/2024\/10\/02\/miercoles-02-de-octubre-del-2024\/","title":{"rendered":"Miercoles, 02 de Octubre del 2024"},"content":{"rendered":"\n<p><strong>02\/10\/24<\/strong> A las 10:00 recibi\u00f3 sepultura en Cementerio Parque El Prado, Lorena Cristina Esposito que falleci\u00f3 ayer a los 44 a\u00f1os. Casa de duelo en 57 entre 17 y 18. Servicio adherido a la Cooperativa El\u00e9ctrica de Col\u00f3n.<\/p>\n\n\n\n<p><strong>02\/10\/24 <\/strong>A las 11:00 recibi\u00f3 sepultura en Cementerio Parque El Prado, Jos\u00e9 Mariano Bustamente que falleci\u00f3 ayer a los 64 a\u00f1os. Casa de duelo en Mariano H Alonso. Servicio adherido a la Cooperativa de .Alfonso<\/p>\n","protected":false},"excerpt":{"rendered":"<p>02\/10\/24 A las 10:00 recibi\u00f3 sepultura en Cementerio Parque El Prado, Lorena Cristina Esposito que falleci\u00f3 ayer a los 44 a\u00f1os. Casa de duelo en 57 entre 17 y 18. Servicio adherido&#8230;<\/p>\n","protected":false},"author":1,"featured_media":3438,"comment_status":"open","ping_status":"open","sticky":false,"template":"","format":"standard","meta":{"footnotes":""},"categories":[8],"tags":[],"class_list":["post-3905","post","type-post","status-publish","format-standard","has-post-thumbnail","hentry","category-necrologicas"],"_links":{"self":[{"href":"https:\/\/emisoracolon.com.ar\/index.php\/wp-json\/wp\/v2\/posts\/3905","targetHints":{"allow":["GET"]}}],"collection":[{"href":"https:\/\/emisoracolon.com.ar\/index.php\/wp-json\/wp\/v2\/posts"}],"about":[{"href":"https:\/\/emisoracolon.com.ar\/index.php\/wp-json\/wp\/v2\/types\/post"}],"author":[{"embeddable":true,"href":"https:\/\/emisoracolon.com.ar\/index.php\/wp-json\/wp\/v2\/users\/1"}],"replies":[{"embeddable":true,"href":"https:\/\/emisoracolon.com.ar\/index.php\/wp-json\/wp\/v2\/comments?post=3905"}],"version-history":[{"count":2,"href":"https:\/\/emisoracolon.com.ar\/index.php\/wp-json\/wp\/v2\/posts\/3905\/revisions"}],"predecessor-version":[{"id":3907,"href":"https:\/\/emisoracolon.com.ar\/index.php\/wp-json\/wp\/v2\/posts\/3905\/revisions\/3907"}],"wp:featuredmedia":[{"embeddable":true,"href":"https:\/\/emisoracolon.com.ar\/index.php\/wp-json\/wp\/v2\/media\/3438"}],"wp:attachment":[{"href":"https:\/\/emisoracolon.com.ar\/index.php\/wp-json\/wp\/v2\/media?parent=3905"}],"wp:term":[{"taxonomy":"category","embeddable":true,"href":"https:\/\/emisoracolon.com.ar\/index.php\/wp-json\/wp\/v2\/categories?post=3905"},{"taxonomy":"post_tag","embeddable":true,"href":"https:\/\/emisoracolon.com.ar\/index.php\/wp-json\/wp\/v2\/tags?post=3905"}],"curies":[{"name":"wp","href":"https:\/\/api.w.org\/{rel}","templated":true}]}}