{"id":3902,"date":"2024-10-01T18:17:32","date_gmt":"2024-10-01T21:17:32","guid":{"rendered":"https:\/\/emisoracolon.com.ar\/?p=3902"},"modified":"2024-10-01T18:17:32","modified_gmt":"2024-10-01T21:17:32","slug":"sin-vacunas-contra-el-dengue","status":"publish","type":"post","link":"https:\/\/emisoracolon.com.ar\/index.php\/2024\/10\/01\/sin-vacunas-contra-el-dengue\/","title":{"rendered":"Sin vacunas contra el dengue"},"content":{"rendered":"\n<p>En la ciudad no se consiguen vacunas contra el dengue. La respuesta a los interesados es que ellos no las consiguen. Esto genera preocupaci\u00f3n en los vecinos que han tomado la decisi\u00f3n de vacunarse. No obstante los expertos advierten que contar con una vacuna no es la panacea, ya que la prevenci\u00f3n hoy pasa por evitar la reproducci\u00f3n del mosquito vector.<\/p>\n\n\n\n<p>La ANMAT aprob\u00f3 una vacuna del laboratorio Takeda que previene los casos de hospitalizaci\u00f3n y dengue sintom\u00e1tico, pero en nuestro caso no est\u00e1 disponible s\u00f3lo en el sector privado. El Ministerio de Salud dijo que \u201ca\u00fan no est\u00e1 validada como estrategia para evitar la propagaci\u00f3n de la enfermedad\u201d, pero algunos gobiernos provinciales, como el nuestro, decidieron la adquisici\u00f3n de una determinada cantidad de vacunas que aplicar\u00e1n a sectores vulnerables o en riesgo.<\/p>\n","protected":false},"excerpt":{"rendered":"<p>En la ciudad no se consiguen vacunas contra el dengue. La respuesta a los interesados es que ellos no las consiguen. Esto genera preocupaci\u00f3n en los vecinos que han tomado la decisi\u00f3n&#8230;<\/p>\n","protected":false},"author":1,"featured_media":3903,"comment_status":"open","ping_status":"open","sticky":false,"template":"","format":"standard","meta":{"footnotes":""},"categories":[3],"tags":[],"class_list":["post-3902","post","type-post","status-publish","format-standard","has-post-thumbnail","hentry","category-general"],"_links":{"self":[{"href":"https:\/\/emisoracolon.com.ar\/index.php\/wp-json\/wp\/v2\/posts\/3902","targetHints":{"allow":["GET"]}}],"collection":[{"href":"https:\/\/emisoracolon.com.ar\/index.php\/wp-json\/wp\/v2\/posts"}],"about":[{"href":"https:\/\/emisoracolon.com.ar\/index.php\/wp-json\/wp\/v2\/types\/post"}],"author":[{"embeddable":true,"href":"https:\/\/emisoracolon.com.ar\/index.php\/wp-json\/wp\/v2\/users\/1"}],"replies":[{"embeddable":true,"href":"https:\/\/emisoracolon.com.ar\/index.php\/wp-json\/wp\/v2\/comments?post=3902"}],"version-history":[{"count":1,"href":"https:\/\/emisoracolon.com.ar\/index.php\/wp-json\/wp\/v2\/posts\/3902\/revisions"}],"predecessor-version":[{"id":3904,"href":"https:\/\/emisoracolon.com.ar\/index.php\/wp-json\/wp\/v2\/posts\/3902\/revisions\/3904"}],"wp:featuredmedia":[{"embeddable":true,"href":"https:\/\/emisoracolon.com.ar\/index.php\/wp-json\/wp\/v2\/media\/3903"}],"wp:attachment":[{"href":"https:\/\/emisoracolon.com.ar\/index.php\/wp-json\/wp\/v2\/media?parent=3902"}],"wp:term":[{"taxonomy":"category","embeddable":true,"href":"https:\/\/emisoracolon.com.ar\/index.php\/wp-json\/wp\/v2\/categories?post=3902"},{"taxonomy":"post_tag","embeddable":true,"href":"https:\/\/emisoracolon.com.ar\/index.php\/wp-json\/wp\/v2\/tags?post=3902"}],"curies":[{"name":"wp","href":"https:\/\/api.w.org\/{rel}","templated":true}]}}