{"id":3896,"date":"2024-10-01T18:14:12","date_gmt":"2024-10-01T21:14:12","guid":{"rendered":"https:\/\/emisoracolon.com.ar\/?p=3896"},"modified":"2024-10-01T18:14:12","modified_gmt":"2024-10-01T21:14:12","slug":"encuentro-distrital-decision-ninez","status":"publish","type":"post","link":"https:\/\/emisoracolon.com.ar\/index.php\/2024\/10\/01\/encuentro-distrital-decision-ninez\/","title":{"rendered":"Encuentro distrital \u201cDecisi\u00f3n Ni\u00f1ez\u201d"},"content":{"rendered":"\n<p>En el recinto del Honorable Concejo Deliberante se reunieron ni\u00f1os, ni\u00f1as y j\u00f3venes colonenses con el objetivo de presentar proyectos que mejoren los barrios y a la comunidad.<\/p>\n\n\n\n<p>En Col\u00f3n, la actividad est\u00e1 coordinada por la Secretar\u00eda de Desarrollo de la Comunidad y la Subsecretaria de Ni\u00f1ez, Adolescencias y Juventudes. El programa provincial est\u00e1 dirigido a ni\u00f1as, ni\u00f1os y adolescentes desde los 8 a los 17 a\u00f1os.<\/p>\n\n\n\n<p>Se trata de una oportunidad para conocerlos y escucharlos a trav\u00e9s de espacios colectivos, en donde plantean sus problem\u00e1ticas y realidades, y juntos deciden qu\u00e9 proyecto colectivo les gustar\u00eda sumar a sus barrios o comunidades.<\/p>\n","protected":false},"excerpt":{"rendered":"<p>En el recinto del Honorable Concejo Deliberante se reunieron ni\u00f1os, ni\u00f1as y j\u00f3venes colonenses con el objetivo de presentar proyectos que mejoren los barrios y a la comunidad. En Col\u00f3n, la actividad&#8230;<\/p>\n","protected":false},"author":1,"featured_media":3897,"comment_status":"open","ping_status":"open","sticky":false,"template":"","format":"standard","meta":{"footnotes":""},"categories":[7,3],"tags":[],"class_list":["post-3896","post","type-post","status-publish","format-standard","has-post-thumbnail","hentry","category-cultura","category-general"],"_links":{"self":[{"href":"https:\/\/emisoracolon.com.ar\/index.php\/wp-json\/wp\/v2\/posts\/3896","targetHints":{"allow":["GET"]}}],"collection":[{"href":"https:\/\/emisoracolon.com.ar\/index.php\/wp-json\/wp\/v2\/posts"}],"about":[{"href":"https:\/\/emisoracolon.com.ar\/index.php\/wp-json\/wp\/v2\/types\/post"}],"author":[{"embeddable":true,"href":"https:\/\/emisoracolon.com.ar\/index.php\/wp-json\/wp\/v2\/users\/1"}],"replies":[{"embeddable":true,"href":"https:\/\/emisoracolon.com.ar\/index.php\/wp-json\/wp\/v2\/comments?post=3896"}],"version-history":[{"count":1,"href":"https:\/\/emisoracolon.com.ar\/index.php\/wp-json\/wp\/v2\/posts\/3896\/revisions"}],"predecessor-version":[{"id":3898,"href":"https:\/\/emisoracolon.com.ar\/index.php\/wp-json\/wp\/v2\/posts\/3896\/revisions\/3898"}],"wp:featuredmedia":[{"embeddable":true,"href":"https:\/\/emisoracolon.com.ar\/index.php\/wp-json\/wp\/v2\/media\/3897"}],"wp:attachment":[{"href":"https:\/\/emisoracolon.com.ar\/index.php\/wp-json\/wp\/v2\/media?parent=3896"}],"wp:term":[{"taxonomy":"category","embeddable":true,"href":"https:\/\/emisoracolon.com.ar\/index.php\/wp-json\/wp\/v2\/categories?post=3896"},{"taxonomy":"post_tag","embeddable":true,"href":"https:\/\/emisoracolon.com.ar\/index.php\/wp-json\/wp\/v2\/tags?post=3896"}],"curies":[{"name":"wp","href":"https:\/\/api.w.org\/{rel}","templated":true}]}}