{"id":3884,"date":"2024-10-01T18:10:14","date_gmt":"2024-10-01T21:10:14","guid":{"rendered":"https:\/\/emisoracolon.com.ar\/?p=3884"},"modified":"2024-10-01T18:10:14","modified_gmt":"2024-10-01T21:10:14","slug":"se-jubilo-cecilia-padrani","status":"publish","type":"post","link":"https:\/\/emisoracolon.com.ar\/index.php\/2024\/10\/01\/se-jubilo-cecilia-padrani\/","title":{"rendered":"Se jubil\u00f3 Cecilia Padrani"},"content":{"rendered":"\n<p>Se jubil\u00f3 Cecilia Padrani, una invalorable trabajadora municipal La Municipalidad la despidi\u00f3 de la siguiente manera:<\/p>\n\n\n\n<p>Visitamos en su \u00faltimo d\u00eda de trabajo a una querida compa\u00f1era que se incorpor\u00f3 al beneficio de la jubilaci\u00f3n.<\/p>\n\n\n\n<p>Se trata de Cecilia Padrani, quien se desempe\u00f1\u00f3 en varias \u00e1reas, aunque principalmente en la Casa de las Infancias, donde estuvo m\u00e1s de 16 a\u00f1os. Una persona responsable, comprometida y de enorme vocaci\u00f3n, aunque su sello fue el amor por los ni\u00f1os y ni\u00f1as que fueron y son parte de la instituci\u00f3n.<\/p>\n\n\n\n<p>Desde la gesti\u00f3n local, en nombre de todo el equipo de trabajo y de los vecinos y vecinas, queremos felicitar, valorar y agradecer la dedicaci\u00f3n de Cecilia y su ejemplo de buena gente. Ahora, a disfrutar de \u00e9sta nueva etapa.<\/p>\n","protected":false},"excerpt":{"rendered":"<p>Se jubil\u00f3 Cecilia Padrani, una invalorable trabajadora municipal La Municipalidad la despidi\u00f3 de la siguiente manera: Visitamos en su \u00faltimo d\u00eda de trabajo a una querida compa\u00f1era que se incorpor\u00f3 al beneficio&#8230;<\/p>\n","protected":false},"author":1,"featured_media":3885,"comment_status":"open","ping_status":"open","sticky":false,"template":"","format":"standard","meta":{"footnotes":""},"categories":[3],"tags":[],"class_list":["post-3884","post","type-post","status-publish","format-standard","has-post-thumbnail","hentry","category-general"],"_links":{"self":[{"href":"https:\/\/emisoracolon.com.ar\/index.php\/wp-json\/wp\/v2\/posts\/3884","targetHints":{"allow":["GET"]}}],"collection":[{"href":"https:\/\/emisoracolon.com.ar\/index.php\/wp-json\/wp\/v2\/posts"}],"about":[{"href":"https:\/\/emisoracolon.com.ar\/index.php\/wp-json\/wp\/v2\/types\/post"}],"author":[{"embeddable":true,"href":"https:\/\/emisoracolon.com.ar\/index.php\/wp-json\/wp\/v2\/users\/1"}],"replies":[{"embeddable":true,"href":"https:\/\/emisoracolon.com.ar\/index.php\/wp-json\/wp\/v2\/comments?post=3884"}],"version-history":[{"count":1,"href":"https:\/\/emisoracolon.com.ar\/index.php\/wp-json\/wp\/v2\/posts\/3884\/revisions"}],"predecessor-version":[{"id":3886,"href":"https:\/\/emisoracolon.com.ar\/index.php\/wp-json\/wp\/v2\/posts\/3884\/revisions\/3886"}],"wp:featuredmedia":[{"embeddable":true,"href":"https:\/\/emisoracolon.com.ar\/index.php\/wp-json\/wp\/v2\/media\/3885"}],"wp:attachment":[{"href":"https:\/\/emisoracolon.com.ar\/index.php\/wp-json\/wp\/v2\/media?parent=3884"}],"wp:term":[{"taxonomy":"category","embeddable":true,"href":"https:\/\/emisoracolon.com.ar\/index.php\/wp-json\/wp\/v2\/categories?post=3884"},{"taxonomy":"post_tag","embeddable":true,"href":"https:\/\/emisoracolon.com.ar\/index.php\/wp-json\/wp\/v2\/tags?post=3884"}],"curies":[{"name":"wp","href":"https:\/\/api.w.org\/{rel}","templated":true}]}}