{"id":355,"date":"2024-04-10T18:34:45","date_gmt":"2024-04-10T21:34:45","guid":{"rendered":"https:\/\/emisoracolon.com.ar\/?p=355"},"modified":"2024-04-10T18:34:45","modified_gmt":"2024-04-10T21:34:45","slug":"concientizacion-sobre-el-autismo","status":"publish","type":"post","link":"https:\/\/emisoracolon.com.ar\/index.php\/2024\/04\/10\/concientizacion-sobre-el-autismo\/","title":{"rendered":"Concientizaci\u00f3n sobre el Autismo"},"content":{"rendered":"\n<p>La Direcci\u00f3n de Discapacidad y la Subsecretar\u00eda de Salud Mental informan que, en el mes de la Concientizaci\u00f3n sobre el Autismo, contin\u00faan las propuestas libres y gratuitas para toda la comunidad con el objetivo principal de compartir espacios comunes y amigables.<\/p>\n\n\n\n<p>En \u00e9ste sentido, el pr\u00f3ximo <strong>s\u00e1bado 13 de abri<\/strong>l a las <strong>16:00 <\/strong>en Cine Teatro Col\u00f3n se realizara una jornada de cine amigable con la proyecci\u00f3n de la pel\u00edcula infantil<\/p>\n\n\n\n<p>\u201cKung Fu Panda 2\u201d, en un ambiente distendido con las adaptaciones necesarias en luces, sonidos y libertad de movimiento.<\/p>\n\n\n\n<p><\/p>\n","protected":false},"excerpt":{"rendered":"<p>La Direcci\u00f3n de Discapacidad y la Subsecretar\u00eda de Salud Mental informan que, en el mes de la Concientizaci\u00f3n sobre el Autismo, contin\u00faan las propuestas libres y gratuitas para toda la comunidad con&#8230;<\/p>\n","protected":false},"author":2,"featured_media":356,"comment_status":"open","ping_status":"open","sticky":false,"template":"","format":"standard","meta":{"footnotes":""},"categories":[7,5],"tags":[],"class_list":["post-355","post","type-post","status-publish","format-standard","has-post-thumbnail","hentry","category-cultura","category-politica_local"],"_links":{"self":[{"href":"https:\/\/emisoracolon.com.ar\/index.php\/wp-json\/wp\/v2\/posts\/355","targetHints":{"allow":["GET"]}}],"collection":[{"href":"https:\/\/emisoracolon.com.ar\/index.php\/wp-json\/wp\/v2\/posts"}],"about":[{"href":"https:\/\/emisoracolon.com.ar\/index.php\/wp-json\/wp\/v2\/types\/post"}],"author":[{"embeddable":true,"href":"https:\/\/emisoracolon.com.ar\/index.php\/wp-json\/wp\/v2\/users\/2"}],"replies":[{"embeddable":true,"href":"https:\/\/emisoracolon.com.ar\/index.php\/wp-json\/wp\/v2\/comments?post=355"}],"version-history":[{"count":1,"href":"https:\/\/emisoracolon.com.ar\/index.php\/wp-json\/wp\/v2\/posts\/355\/revisions"}],"predecessor-version":[{"id":357,"href":"https:\/\/emisoracolon.com.ar\/index.php\/wp-json\/wp\/v2\/posts\/355\/revisions\/357"}],"wp:featuredmedia":[{"embeddable":true,"href":"https:\/\/emisoracolon.com.ar\/index.php\/wp-json\/wp\/v2\/media\/356"}],"wp:attachment":[{"href":"https:\/\/emisoracolon.com.ar\/index.php\/wp-json\/wp\/v2\/media?parent=355"}],"wp:term":[{"taxonomy":"category","embeddable":true,"href":"https:\/\/emisoracolon.com.ar\/index.php\/wp-json\/wp\/v2\/categories?post=355"},{"taxonomy":"post_tag","embeddable":true,"href":"https:\/\/emisoracolon.com.ar\/index.php\/wp-json\/wp\/v2\/tags?post=355"}],"curies":[{"name":"wp","href":"https:\/\/api.w.org\/{rel}","templated":true}]}}