{"id":3489,"date":"2024-09-05T17:38:46","date_gmt":"2024-09-05T20:38:46","guid":{"rendered":"https:\/\/emisoracolon.com.ar\/?p=3489"},"modified":"2024-09-05T17:38:46","modified_gmt":"2024-09-05T20:38:46","slug":"medicos-de-femeba-suspenden-atencion-a-afiliados-de-ioma-por-48-horas","status":"publish","type":"post","link":"https:\/\/emisoracolon.com.ar\/index.php\/2024\/09\/05\/medicos-de-femeba-suspenden-atencion-a-afiliados-de-ioma-por-48-horas\/","title":{"rendered":"M\u00e9dicos de FEMEBA suspenden atenci\u00f3n a afiliados de IOMA por 48 horas"},"content":{"rendered":"\n<p>Los m\u00e9dicos afiliados a la Federaci\u00f3n M\u00e9dica de la provincia de Buenos Aires (FEMEBA) han decidido suspender la atenci\u00f3n a pacientes de IOMA por 48 horas en todo el territorio bonaerense. Esta medida surge como respuesta a la decisi\u00f3n del gobierno de Axel Kicillof de interrumpir un convenio en Col\u00f3n y otras diez ciudades del norte de la provincia, lo que gener\u00f3 gran malestar entre los profesionales de la salud. Seg\u00fan un relevamiento del gobierno, el 78% de los m\u00e9dicos incurr\u00edan en cobros indebidos, conocidos como &#8220;plus&#8221;, por encima de los valores acordados en los convenios vigentes. Se espera una conferencia de prensa del gobernador Kicillof para abordar la situaci\u00f3n, acompa\u00f1ado por los ministros Carlos Bianco (Gobierno) y Nicol\u00e1s Kreplak (Salud).<\/p>\n","protected":false},"excerpt":{"rendered":"<p>Los m\u00e9dicos afiliados a la Federaci\u00f3n M\u00e9dica de la provincia de Buenos Aires (FEMEBA) han decidido suspender la atenci\u00f3n a pacientes de IOMA por 48 horas en todo el territorio bonaerense. Esta&#8230;<\/p>\n","protected":false},"author":1,"featured_media":3319,"comment_status":"open","ping_status":"open","sticky":false,"template":"","format":"standard","meta":{"footnotes":""},"categories":[3],"tags":[],"class_list":["post-3489","post","type-post","status-publish","format-standard","has-post-thumbnail","hentry","category-general"],"_links":{"self":[{"href":"https:\/\/emisoracolon.com.ar\/index.php\/wp-json\/wp\/v2\/posts\/3489","targetHints":{"allow":["GET"]}}],"collection":[{"href":"https:\/\/emisoracolon.com.ar\/index.php\/wp-json\/wp\/v2\/posts"}],"about":[{"href":"https:\/\/emisoracolon.com.ar\/index.php\/wp-json\/wp\/v2\/types\/post"}],"author":[{"embeddable":true,"href":"https:\/\/emisoracolon.com.ar\/index.php\/wp-json\/wp\/v2\/users\/1"}],"replies":[{"embeddable":true,"href":"https:\/\/emisoracolon.com.ar\/index.php\/wp-json\/wp\/v2\/comments?post=3489"}],"version-history":[{"count":1,"href":"https:\/\/emisoracolon.com.ar\/index.php\/wp-json\/wp\/v2\/posts\/3489\/revisions"}],"predecessor-version":[{"id":3490,"href":"https:\/\/emisoracolon.com.ar\/index.php\/wp-json\/wp\/v2\/posts\/3489\/revisions\/3490"}],"wp:featuredmedia":[{"embeddable":true,"href":"https:\/\/emisoracolon.com.ar\/index.php\/wp-json\/wp\/v2\/media\/3319"}],"wp:attachment":[{"href":"https:\/\/emisoracolon.com.ar\/index.php\/wp-json\/wp\/v2\/media?parent=3489"}],"wp:term":[{"taxonomy":"category","embeddable":true,"href":"https:\/\/emisoracolon.com.ar\/index.php\/wp-json\/wp\/v2\/categories?post=3489"},{"taxonomy":"post_tag","embeddable":true,"href":"https:\/\/emisoracolon.com.ar\/index.php\/wp-json\/wp\/v2\/tags?post=3489"}],"curies":[{"name":"wp","href":"https:\/\/api.w.org\/{rel}","templated":true}]}}