{"id":3477,"date":"2024-09-05T16:45:06","date_gmt":"2024-09-05T19:45:06","guid":{"rendered":"https:\/\/emisoracolon.com.ar\/?p=3477"},"modified":"2024-09-05T16:45:06","modified_gmt":"2024-09-05T19:45:06","slug":"la-asociacion-de-docentes-jubiladas-conmemorara-el-dia-del-maestro","status":"publish","type":"post","link":"https:\/\/emisoracolon.com.ar\/index.php\/2024\/09\/05\/la-asociacion-de-docentes-jubiladas-conmemorara-el-dia-del-maestro\/","title":{"rendered":"La Asociaci\u00f3n de Docentes Jubiladas conmemorar\u00e1 el D\u00eda del Maestro"},"content":{"rendered":"\n<p>La Asociaci\u00f3n de Docentes Jubiladas llevar\u00e1 a cabo una ceremonia el pr\u00f3ximo 11 de septiembre a las 10:30 horas en conmemoraci\u00f3n del D\u00eda del Maestro. Durante el acto, se colocar\u00e1 una ofrenda floral en el busto de Domingo Faustino Sarmiento, seguida de una en el monolito que honra a la docente Damiana Ferreyra. La \u00faltima ofrenda floral ser\u00e1 depositada en el cementerio local en memoria de los maestros fallecidos.<\/p>\n","protected":false},"excerpt":{"rendered":"<p>La Asociaci\u00f3n de Docentes Jubiladas llevar\u00e1 a cabo una ceremonia el pr\u00f3ximo 11 de septiembre a las 10:30 horas en conmemoraci\u00f3n del D\u00eda del Maestro. Durante el acto, se colocar\u00e1 una ofrenda&#8230;<\/p>\n","protected":false},"author":1,"featured_media":3478,"comment_status":"open","ping_status":"open","sticky":false,"template":"","format":"standard","meta":{"footnotes":""},"categories":[7,3],"tags":[],"class_list":["post-3477","post","type-post","status-publish","format-standard","has-post-thumbnail","hentry","category-cultura","category-general"],"_links":{"self":[{"href":"https:\/\/emisoracolon.com.ar\/index.php\/wp-json\/wp\/v2\/posts\/3477","targetHints":{"allow":["GET"]}}],"collection":[{"href":"https:\/\/emisoracolon.com.ar\/index.php\/wp-json\/wp\/v2\/posts"}],"about":[{"href":"https:\/\/emisoracolon.com.ar\/index.php\/wp-json\/wp\/v2\/types\/post"}],"author":[{"embeddable":true,"href":"https:\/\/emisoracolon.com.ar\/index.php\/wp-json\/wp\/v2\/users\/1"}],"replies":[{"embeddable":true,"href":"https:\/\/emisoracolon.com.ar\/index.php\/wp-json\/wp\/v2\/comments?post=3477"}],"version-history":[{"count":1,"href":"https:\/\/emisoracolon.com.ar\/index.php\/wp-json\/wp\/v2\/posts\/3477\/revisions"}],"predecessor-version":[{"id":3479,"href":"https:\/\/emisoracolon.com.ar\/index.php\/wp-json\/wp\/v2\/posts\/3477\/revisions\/3479"}],"wp:featuredmedia":[{"embeddable":true,"href":"https:\/\/emisoracolon.com.ar\/index.php\/wp-json\/wp\/v2\/media\/3478"}],"wp:attachment":[{"href":"https:\/\/emisoracolon.com.ar\/index.php\/wp-json\/wp\/v2\/media?parent=3477"}],"wp:term":[{"taxonomy":"category","embeddable":true,"href":"https:\/\/emisoracolon.com.ar\/index.php\/wp-json\/wp\/v2\/categories?post=3477"},{"taxonomy":"post_tag","embeddable":true,"href":"https:\/\/emisoracolon.com.ar\/index.php\/wp-json\/wp\/v2\/tags?post=3477"}],"curies":[{"name":"wp","href":"https:\/\/api.w.org\/{rel}","templated":true}]}}