{"id":3475,"date":"2024-09-05T16:42:15","date_gmt":"2024-09-05T19:42:15","guid":{"rendered":"https:\/\/emisoracolon.com.ar\/?p=3475"},"modified":"2024-09-05T16:42:15","modified_gmt":"2024-09-05T19:42:15","slug":"quema-de-basura-afecta-a-un-automovil","status":"publish","type":"post","link":"https:\/\/emisoracolon.com.ar\/index.php\/2024\/09\/05\/quema-de-basura-afecta-a-un-automovil\/","title":{"rendered":"Quema de basura afecta a un autom\u00f3vil"},"content":{"rendered":"\n<p>Ayer, a las 15:30 horas, los bomberos voluntarios fueron convocados debido a un incendio que alcanz\u00f3 a un veh\u00edculo estacionado, resultando parcialmente afectado. El siniestro se origin\u00f3 por la quema de basura por parte de un vecino en la intersecci\u00f3n de las calles 44 y 7, lo que provoc\u00f3 un incendio de pastizales que se extendi\u00f3 hasta el autom\u00f3vil. Afortunadamente, el veh\u00edculo no fue completamente consumido por las llamas.<\/p>\n","protected":false},"excerpt":{"rendered":"<p>Ayer, a las 15:30 horas, los bomberos voluntarios fueron convocados debido a un incendio que alcanz\u00f3 a un veh\u00edculo estacionado, resultando parcialmente afectado. El siniestro se origin\u00f3 por la quema de basura&#8230;<\/p>\n","protected":false},"author":1,"featured_media":2405,"comment_status":"open","ping_status":"open","sticky":false,"template":"","format":"standard","meta":{"footnotes":""},"categories":[3],"tags":[],"class_list":["post-3475","post","type-post","status-publish","format-standard","has-post-thumbnail","hentry","category-general"],"_links":{"self":[{"href":"https:\/\/emisoracolon.com.ar\/index.php\/wp-json\/wp\/v2\/posts\/3475","targetHints":{"allow":["GET"]}}],"collection":[{"href":"https:\/\/emisoracolon.com.ar\/index.php\/wp-json\/wp\/v2\/posts"}],"about":[{"href":"https:\/\/emisoracolon.com.ar\/index.php\/wp-json\/wp\/v2\/types\/post"}],"author":[{"embeddable":true,"href":"https:\/\/emisoracolon.com.ar\/index.php\/wp-json\/wp\/v2\/users\/1"}],"replies":[{"embeddable":true,"href":"https:\/\/emisoracolon.com.ar\/index.php\/wp-json\/wp\/v2\/comments?post=3475"}],"version-history":[{"count":1,"href":"https:\/\/emisoracolon.com.ar\/index.php\/wp-json\/wp\/v2\/posts\/3475\/revisions"}],"predecessor-version":[{"id":3476,"href":"https:\/\/emisoracolon.com.ar\/index.php\/wp-json\/wp\/v2\/posts\/3475\/revisions\/3476"}],"wp:featuredmedia":[{"embeddable":true,"href":"https:\/\/emisoracolon.com.ar\/index.php\/wp-json\/wp\/v2\/media\/2405"}],"wp:attachment":[{"href":"https:\/\/emisoracolon.com.ar\/index.php\/wp-json\/wp\/v2\/media?parent=3475"}],"wp:term":[{"taxonomy":"category","embeddable":true,"href":"https:\/\/emisoracolon.com.ar\/index.php\/wp-json\/wp\/v2\/categories?post=3475"},{"taxonomy":"post_tag","embeddable":true,"href":"https:\/\/emisoracolon.com.ar\/index.php\/wp-json\/wp\/v2\/tags?post=3475"}],"curies":[{"name":"wp","href":"https:\/\/api.w.org\/{rel}","templated":true}]}}