{"id":3473,"date":"2024-09-05T16:39:06","date_gmt":"2024-09-05T19:39:06","guid":{"rendered":"https:\/\/emisoracolon.com.ar\/?p=3473"},"modified":"2024-09-05T16:39:06","modified_gmt":"2024-09-05T19:39:06","slug":"jueves-05-de-septiembre-del-2024","status":"publish","type":"post","link":"https:\/\/emisoracolon.com.ar\/index.php\/2024\/09\/05\/jueves-05-de-septiembre-del-2024\/","title":{"rendered":"Jueves, 05 de Septiembre del 2024"},"content":{"rendered":"\n<p><br>Hoy a las 10:00 recibi\u00f3 sepultura en el Cementerio Parque El Prado, Mar\u00eda Isabel Franetovich de Signifredi que falleci\u00f3 ayer a los 80 a\u00f1os. Casa de duelo 41 entre 18 y 19. Servicio adherido al servicio de sepelios de la Cooperativa El\u00e9ctrica de Col\u00f3n.<br><br><\/p>\n","protected":false},"excerpt":{"rendered":"<p>Hoy a las 10:00 recibi\u00f3 sepultura en el Cementerio Parque El Prado, Mar\u00eda Isabel Franetovich de Signifredi que falleci\u00f3 ayer a los 80 a\u00f1os. Casa de duelo 41 entre 18 y 19&#8230;.<\/p>\n","protected":false},"author":1,"featured_media":3438,"comment_status":"open","ping_status":"open","sticky":false,"template":"","format":"standard","meta":{"footnotes":""},"categories":[8],"tags":[],"class_list":["post-3473","post","type-post","status-publish","format-standard","has-post-thumbnail","hentry","category-necrologicas"],"_links":{"self":[{"href":"https:\/\/emisoracolon.com.ar\/index.php\/wp-json\/wp\/v2\/posts\/3473","targetHints":{"allow":["GET"]}}],"collection":[{"href":"https:\/\/emisoracolon.com.ar\/index.php\/wp-json\/wp\/v2\/posts"}],"about":[{"href":"https:\/\/emisoracolon.com.ar\/index.php\/wp-json\/wp\/v2\/types\/post"}],"author":[{"embeddable":true,"href":"https:\/\/emisoracolon.com.ar\/index.php\/wp-json\/wp\/v2\/users\/1"}],"replies":[{"embeddable":true,"href":"https:\/\/emisoracolon.com.ar\/index.php\/wp-json\/wp\/v2\/comments?post=3473"}],"version-history":[{"count":1,"href":"https:\/\/emisoracolon.com.ar\/index.php\/wp-json\/wp\/v2\/posts\/3473\/revisions"}],"predecessor-version":[{"id":3474,"href":"https:\/\/emisoracolon.com.ar\/index.php\/wp-json\/wp\/v2\/posts\/3473\/revisions\/3474"}],"wp:featuredmedia":[{"embeddable":true,"href":"https:\/\/emisoracolon.com.ar\/index.php\/wp-json\/wp\/v2\/media\/3438"}],"wp:attachment":[{"href":"https:\/\/emisoracolon.com.ar\/index.php\/wp-json\/wp\/v2\/media?parent=3473"}],"wp:term":[{"taxonomy":"category","embeddable":true,"href":"https:\/\/emisoracolon.com.ar\/index.php\/wp-json\/wp\/v2\/categories?post=3473"},{"taxonomy":"post_tag","embeddable":true,"href":"https:\/\/emisoracolon.com.ar\/index.php\/wp-json\/wp\/v2\/tags?post=3473"}],"curies":[{"name":"wp","href":"https:\/\/api.w.org\/{rel}","templated":true}]}}