{"id":3466,"date":"2024-09-04T18:09:39","date_gmt":"2024-09-04T21:09:39","guid":{"rendered":"https:\/\/emisoracolon.com.ar\/?p=3466"},"modified":"2024-09-04T18:09:39","modified_gmt":"2024-09-04T21:09:39","slug":"adhesion-a-la-ley-provincial-sobre-endometriosis","status":"publish","type":"post","link":"https:\/\/emisoracolon.com.ar\/index.php\/2024\/09\/04\/adhesion-a-la-ley-provincial-sobre-endometriosis\/","title":{"rendered":"Adhesi\u00f3n a la ley provincial sobre endometriosis"},"content":{"rendered":"\n<p>El Concejo Deliberante de Col\u00f3n adhiri\u00f3 a la ley provincial 15.491, que aborda la endometriosis. La concejala Roc\u00edo Mart\u00ednez destac\u00f3 que la iniciativa busca garantizar el acceso a la salud con perspectiva de g\u00e9nero, a trav\u00e9s de un programa gratuito para la detecci\u00f3n temprana de esta enfermedad, que a menudo es subestimada debido al tab\u00fa asociado a la menstruaci\u00f3n. Mart\u00ednez subray\u00f3 que, en un contexto de desinversi\u00f3n en salud a nivel nacional, la provincia se enfoca en garantizar los derechos de las mujeres. El bloque radical, representado por la concejala Milagros Morales, apoy\u00f3 la resoluci\u00f3n.<\/p>\n","protected":false},"excerpt":{"rendered":"<p>El Concejo Deliberante de Col\u00f3n adhiri\u00f3 a la ley provincial 15.491, que aborda la endometriosis. La concejala Roc\u00edo Mart\u00ednez destac\u00f3 que la iniciativa busca garantizar el acceso a la salud con perspectiva&#8230;<\/p>\n","protected":false},"author":1,"featured_media":3467,"comment_status":"open","ping_status":"open","sticky":false,"template":"","format":"standard","meta":{"footnotes":""},"categories":[7,3],"tags":[],"class_list":["post-3466","post","type-post","status-publish","format-standard","has-post-thumbnail","hentry","category-cultura","category-general"],"_links":{"self":[{"href":"https:\/\/emisoracolon.com.ar\/index.php\/wp-json\/wp\/v2\/posts\/3466","targetHints":{"allow":["GET"]}}],"collection":[{"href":"https:\/\/emisoracolon.com.ar\/index.php\/wp-json\/wp\/v2\/posts"}],"about":[{"href":"https:\/\/emisoracolon.com.ar\/index.php\/wp-json\/wp\/v2\/types\/post"}],"author":[{"embeddable":true,"href":"https:\/\/emisoracolon.com.ar\/index.php\/wp-json\/wp\/v2\/users\/1"}],"replies":[{"embeddable":true,"href":"https:\/\/emisoracolon.com.ar\/index.php\/wp-json\/wp\/v2\/comments?post=3466"}],"version-history":[{"count":1,"href":"https:\/\/emisoracolon.com.ar\/index.php\/wp-json\/wp\/v2\/posts\/3466\/revisions"}],"predecessor-version":[{"id":3468,"href":"https:\/\/emisoracolon.com.ar\/index.php\/wp-json\/wp\/v2\/posts\/3466\/revisions\/3468"}],"wp:featuredmedia":[{"embeddable":true,"href":"https:\/\/emisoracolon.com.ar\/index.php\/wp-json\/wp\/v2\/media\/3467"}],"wp:attachment":[{"href":"https:\/\/emisoracolon.com.ar\/index.php\/wp-json\/wp\/v2\/media?parent=3466"}],"wp:term":[{"taxonomy":"category","embeddable":true,"href":"https:\/\/emisoracolon.com.ar\/index.php\/wp-json\/wp\/v2\/categories?post=3466"},{"taxonomy":"post_tag","embeddable":true,"href":"https:\/\/emisoracolon.com.ar\/index.php\/wp-json\/wp\/v2\/tags?post=3466"}],"curies":[{"name":"wp","href":"https:\/\/api.w.org\/{rel}","templated":true}]}}