{"id":3446,"date":"2024-09-04T16:52:19","date_gmt":"2024-09-04T19:52:19","guid":{"rendered":"https:\/\/emisoracolon.com.ar\/?p=3446"},"modified":"2024-09-04T16:52:19","modified_gmt":"2024-09-04T19:52:19","slug":"taller-infancias-libres-de-etiquetas","status":"publish","type":"post","link":"https:\/\/emisoracolon.com.ar\/index.php\/2024\/09\/04\/taller-infancias-libres-de-etiquetas\/","title":{"rendered":"Taller \u201cInfancias libres de etiquetas\u201d"},"content":{"rendered":"\n<p>Se desarroll\u00f3 en el Instituto Superior de Formaci\u00f3n Docente y T\u00e9cnica N\u00b0 124 el taller &#8220;Infancias libre de etiquetas&#8221;, con el objetivo de visibilizar discursos cotidianos patologizantes de las infancias.<\/p>\n\n\n\n<p>Se trabaj\u00f3 con la intencionalidad de deconstruir aquellas miradas que son expresiones de fen\u00f3menos familiares, sociales, econ\u00f3micos o culturales y que se incluyen como categor\u00edas diagn\u00f3sticas por el solo hecho de no ser lo &#8220;esperable&#8221; para los adultos.<\/p>\n\n\n\n<p>La actividad fue organizada por el Servicio de Salud Mental del Hospital, el Centro Comunitario de Salud Mental y Consumos Problem\u00e1ticos y la Subsecretar\u00eda de Ni\u00f1ez y Adolescencia.<\/p>\n\n\n\n<p>Los talleres se llevaron adelante con las carreras docentes terciarias de Educaci\u00f3n Inicial, Educaci\u00f3n Primaria y Educaci\u00f3n Especial<\/p>\n","protected":false},"excerpt":{"rendered":"<p>Se desarroll\u00f3 en el Instituto Superior de Formaci\u00f3n Docente y T\u00e9cnica N\u00b0 124 el taller &#8220;Infancias libre de etiquetas&#8221;, con el objetivo de visibilizar discursos cotidianos patologizantes de las infancias. Se trabaj\u00f3&#8230;<\/p>\n","protected":false},"author":1,"featured_media":3447,"comment_status":"open","ping_status":"open","sticky":false,"template":"","format":"standard","meta":{"footnotes":""},"categories":[7,3],"tags":[],"class_list":["post-3446","post","type-post","status-publish","format-standard","has-post-thumbnail","hentry","category-cultura","category-general"],"_links":{"self":[{"href":"https:\/\/emisoracolon.com.ar\/index.php\/wp-json\/wp\/v2\/posts\/3446","targetHints":{"allow":["GET"]}}],"collection":[{"href":"https:\/\/emisoracolon.com.ar\/index.php\/wp-json\/wp\/v2\/posts"}],"about":[{"href":"https:\/\/emisoracolon.com.ar\/index.php\/wp-json\/wp\/v2\/types\/post"}],"author":[{"embeddable":true,"href":"https:\/\/emisoracolon.com.ar\/index.php\/wp-json\/wp\/v2\/users\/1"}],"replies":[{"embeddable":true,"href":"https:\/\/emisoracolon.com.ar\/index.php\/wp-json\/wp\/v2\/comments?post=3446"}],"version-history":[{"count":1,"href":"https:\/\/emisoracolon.com.ar\/index.php\/wp-json\/wp\/v2\/posts\/3446\/revisions"}],"predecessor-version":[{"id":3448,"href":"https:\/\/emisoracolon.com.ar\/index.php\/wp-json\/wp\/v2\/posts\/3446\/revisions\/3448"}],"wp:featuredmedia":[{"embeddable":true,"href":"https:\/\/emisoracolon.com.ar\/index.php\/wp-json\/wp\/v2\/media\/3447"}],"wp:attachment":[{"href":"https:\/\/emisoracolon.com.ar\/index.php\/wp-json\/wp\/v2\/media?parent=3446"}],"wp:term":[{"taxonomy":"category","embeddable":true,"href":"https:\/\/emisoracolon.com.ar\/index.php\/wp-json\/wp\/v2\/categories?post=3446"},{"taxonomy":"post_tag","embeddable":true,"href":"https:\/\/emisoracolon.com.ar\/index.php\/wp-json\/wp\/v2\/tags?post=3446"}],"curies":[{"name":"wp","href":"https:\/\/api.w.org\/{rel}","templated":true}]}}