{"id":3439,"date":"2024-09-04T16:50:42","date_gmt":"2024-09-04T19:50:42","guid":{"rendered":"https:\/\/emisoracolon.com.ar\/?p=3439"},"modified":"2024-09-04T16:50:42","modified_gmt":"2024-09-04T19:50:42","slug":"capacitacion-en-poda-con-fundaluz","status":"publish","type":"post","link":"https:\/\/emisoracolon.com.ar\/index.php\/2024\/09\/04\/capacitacion-en-poda-con-fundaluz\/","title":{"rendered":"Capacitaci\u00f3n en Poda con FundaLuz"},"content":{"rendered":"\n<p>Del 26 al 30 de agosto, el equipo de los sectores El\u00e9ctrico y Obrador de la Cooperativa El\u00e9ctrica particip\u00f3 en una capacitaci\u00f3n intensiva sobre poda, impartida por expertos de FundaLuz, la escuela de capacitaci\u00f3n de Luz y Fuerza. Durante cuatro d\u00edas, los participantes combinaron teor\u00eda y pr\u00e1ctica con el objetivo de seguir mejorando la calidad de los servicios para toda la comunidad.<\/p>\n","protected":false},"excerpt":{"rendered":"<p>Del 26 al 30 de agosto, el equipo de los sectores El\u00e9ctrico y Obrador de la Cooperativa El\u00e9ctrica particip\u00f3 en una capacitaci\u00f3n intensiva sobre poda, impartida por expertos de FundaLuz, la escuela&#8230;<\/p>\n","protected":false},"author":1,"featured_media":3441,"comment_status":"open","ping_status":"open","sticky":false,"template":"","format":"standard","meta":{"footnotes":""},"categories":[3],"tags":[],"class_list":["post-3439","post","type-post","status-publish","format-standard","has-post-thumbnail","hentry","category-general"],"_links":{"self":[{"href":"https:\/\/emisoracolon.com.ar\/index.php\/wp-json\/wp\/v2\/posts\/3439","targetHints":{"allow":["GET"]}}],"collection":[{"href":"https:\/\/emisoracolon.com.ar\/index.php\/wp-json\/wp\/v2\/posts"}],"about":[{"href":"https:\/\/emisoracolon.com.ar\/index.php\/wp-json\/wp\/v2\/types\/post"}],"author":[{"embeddable":true,"href":"https:\/\/emisoracolon.com.ar\/index.php\/wp-json\/wp\/v2\/users\/1"}],"replies":[{"embeddable":true,"href":"https:\/\/emisoracolon.com.ar\/index.php\/wp-json\/wp\/v2\/comments?post=3439"}],"version-history":[{"count":1,"href":"https:\/\/emisoracolon.com.ar\/index.php\/wp-json\/wp\/v2\/posts\/3439\/revisions"}],"predecessor-version":[{"id":3442,"href":"https:\/\/emisoracolon.com.ar\/index.php\/wp-json\/wp\/v2\/posts\/3439\/revisions\/3442"}],"wp:featuredmedia":[{"embeddable":true,"href":"https:\/\/emisoracolon.com.ar\/index.php\/wp-json\/wp\/v2\/media\/3441"}],"wp:attachment":[{"href":"https:\/\/emisoracolon.com.ar\/index.php\/wp-json\/wp\/v2\/media?parent=3439"}],"wp:term":[{"taxonomy":"category","embeddable":true,"href":"https:\/\/emisoracolon.com.ar\/index.php\/wp-json\/wp\/v2\/categories?post=3439"},{"taxonomy":"post_tag","embeddable":true,"href":"https:\/\/emisoracolon.com.ar\/index.php\/wp-json\/wp\/v2\/tags?post=3439"}],"curies":[{"name":"wp","href":"https:\/\/api.w.org\/{rel}","templated":true}]}}