{"id":3432,"date":"2024-09-03T16:49:04","date_gmt":"2024-09-03T19:49:04","guid":{"rendered":"https:\/\/emisoracolon.com.ar\/?p=3432"},"modified":"2024-09-03T16:49:04","modified_gmt":"2024-09-03T19:49:04","slug":"reparacion-de-calles-2","status":"publish","type":"post","link":"https:\/\/emisoracolon.com.ar\/index.php\/2024\/09\/03\/reparacion-de-calles-2\/","title":{"rendered":"Reparaci\u00f3n de calles"},"content":{"rendered":"\n<p>Mediante una minuta de comunicaci\u00f3n, el Bloque Juntos por el Cambio solicit\u00f3 al Departamento Ejecutivo la reparaci\u00f3n de la calle 64 entre 9 y 11, solicitud que fue aprobada por el Concejo Deliberante en la \u00faltima sesi\u00f3n. No hubo mayores consideraciones. Adem\u00e1s, se envi\u00f3 al archivo otro pedido similar, el arreglo de la intersecci\u00f3n de las calles 41 y 20, ya que esta \u00faltima hab\u00eda sido reparada por el Ejecutivo Municipal al momento del tratamiento.<\/p>\n","protected":false},"excerpt":{"rendered":"<p>Mediante una minuta de comunicaci\u00f3n, el Bloque Juntos por el Cambio solicit\u00f3 al Departamento Ejecutivo la reparaci\u00f3n de la calle 64 entre 9 y 11, solicitud que fue aprobada por el Concejo&#8230;<\/p>\n","protected":false},"author":1,"featured_media":3357,"comment_status":"open","ping_status":"open","sticky":false,"template":"","format":"standard","meta":{"footnotes":""},"categories":[3,5],"tags":[],"class_list":["post-3432","post","type-post","status-publish","format-standard","has-post-thumbnail","hentry","category-general","category-politica_local"],"_links":{"self":[{"href":"https:\/\/emisoracolon.com.ar\/index.php\/wp-json\/wp\/v2\/posts\/3432","targetHints":{"allow":["GET"]}}],"collection":[{"href":"https:\/\/emisoracolon.com.ar\/index.php\/wp-json\/wp\/v2\/posts"}],"about":[{"href":"https:\/\/emisoracolon.com.ar\/index.php\/wp-json\/wp\/v2\/types\/post"}],"author":[{"embeddable":true,"href":"https:\/\/emisoracolon.com.ar\/index.php\/wp-json\/wp\/v2\/users\/1"}],"replies":[{"embeddable":true,"href":"https:\/\/emisoracolon.com.ar\/index.php\/wp-json\/wp\/v2\/comments?post=3432"}],"version-history":[{"count":1,"href":"https:\/\/emisoracolon.com.ar\/index.php\/wp-json\/wp\/v2\/posts\/3432\/revisions"}],"predecessor-version":[{"id":3433,"href":"https:\/\/emisoracolon.com.ar\/index.php\/wp-json\/wp\/v2\/posts\/3432\/revisions\/3433"}],"wp:featuredmedia":[{"embeddable":true,"href":"https:\/\/emisoracolon.com.ar\/index.php\/wp-json\/wp\/v2\/media\/3357"}],"wp:attachment":[{"href":"https:\/\/emisoracolon.com.ar\/index.php\/wp-json\/wp\/v2\/media?parent=3432"}],"wp:term":[{"taxonomy":"category","embeddable":true,"href":"https:\/\/emisoracolon.com.ar\/index.php\/wp-json\/wp\/v2\/categories?post=3432"},{"taxonomy":"post_tag","embeddable":true,"href":"https:\/\/emisoracolon.com.ar\/index.php\/wp-json\/wp\/v2\/tags?post=3432"}],"curies":[{"name":"wp","href":"https:\/\/api.w.org\/{rel}","templated":true}]}}