{"id":3429,"date":"2024-09-03T16:48:35","date_gmt":"2024-09-03T19:48:35","guid":{"rendered":"https:\/\/emisoracolon.com.ar\/?p=3429"},"modified":"2024-09-03T16:48:35","modified_gmt":"2024-09-03T19:48:35","slug":"15-anos-de-concesion-para-la-liga","status":"publish","type":"post","link":"https:\/\/emisoracolon.com.ar\/index.php\/2024\/09\/03\/15-anos-de-concesion-para-la-liga\/","title":{"rendered":"15 a\u00f1os de concesi\u00f3n para la Liga"},"content":{"rendered":"\n<p>Se extendi\u00f3 la concesi\u00f3n gratuita del predio ubicado en Plaza Mitre a la Liga Deportiva de Col\u00f3n por un plazo de 15 a\u00f1os. Este predio, denominado Estadio Hugo Viccei, es utilizado por la Liga Deportiva de Col\u00f3n para la pr\u00e1ctica deportiva de todas las instituciones que la conforman. La Liga ha realizado mejoras y mantiene las instalaciones en buenas condiciones, y la extensi\u00f3n de la concesi\u00f3n les brinda seguridad jur\u00eddica.<\/p>\n","protected":false},"excerpt":{"rendered":"<p>Se extendi\u00f3 la concesi\u00f3n gratuita del predio ubicado en Plaza Mitre a la Liga Deportiva de Col\u00f3n por un plazo de 15 a\u00f1os. Este predio, denominado Estadio Hugo Viccei, es utilizado por&#8230;<\/p>\n","protected":false},"author":1,"featured_media":3430,"comment_status":"open","ping_status":"open","sticky":false,"template":"","format":"standard","meta":{"footnotes":""},"categories":[6,3],"tags":[],"class_list":["post-3429","post","type-post","status-publish","format-standard","has-post-thumbnail","hentry","category-deportes","category-general"],"_links":{"self":[{"href":"https:\/\/emisoracolon.com.ar\/index.php\/wp-json\/wp\/v2\/posts\/3429","targetHints":{"allow":["GET"]}}],"collection":[{"href":"https:\/\/emisoracolon.com.ar\/index.php\/wp-json\/wp\/v2\/posts"}],"about":[{"href":"https:\/\/emisoracolon.com.ar\/index.php\/wp-json\/wp\/v2\/types\/post"}],"author":[{"embeddable":true,"href":"https:\/\/emisoracolon.com.ar\/index.php\/wp-json\/wp\/v2\/users\/1"}],"replies":[{"embeddable":true,"href":"https:\/\/emisoracolon.com.ar\/index.php\/wp-json\/wp\/v2\/comments?post=3429"}],"version-history":[{"count":1,"href":"https:\/\/emisoracolon.com.ar\/index.php\/wp-json\/wp\/v2\/posts\/3429\/revisions"}],"predecessor-version":[{"id":3431,"href":"https:\/\/emisoracolon.com.ar\/index.php\/wp-json\/wp\/v2\/posts\/3429\/revisions\/3431"}],"wp:featuredmedia":[{"embeddable":true,"href":"https:\/\/emisoracolon.com.ar\/index.php\/wp-json\/wp\/v2\/media\/3430"}],"wp:attachment":[{"href":"https:\/\/emisoracolon.com.ar\/index.php\/wp-json\/wp\/v2\/media?parent=3429"}],"wp:term":[{"taxonomy":"category","embeddable":true,"href":"https:\/\/emisoracolon.com.ar\/index.php\/wp-json\/wp\/v2\/categories?post=3429"},{"taxonomy":"post_tag","embeddable":true,"href":"https:\/\/emisoracolon.com.ar\/index.php\/wp-json\/wp\/v2\/tags?post=3429"}],"curies":[{"name":"wp","href":"https:\/\/api.w.org\/{rel}","templated":true}]}}