{"id":3416,"date":"2024-09-03T16:39:26","date_gmt":"2024-09-03T19:39:26","guid":{"rendered":"https:\/\/emisoracolon.com.ar\/?p=3416"},"modified":"2024-09-03T16:39:26","modified_gmt":"2024-09-03T19:39:26","slug":"se-aplica-el-cambio-de-tasa","status":"publish","type":"post","link":"https:\/\/emisoracolon.com.ar\/index.php\/2024\/09\/03\/se-aplica-el-cambio-de-tasa\/","title":{"rendered":"Se aplica el cambio de tasa"},"content":{"rendered":"\n<p>A partir de este mes de septiembre, se implementar\u00e1 un cambio en el sistema de cobro de la Tasa por Alumbrado P\u00fablico, determinado por la Municipalidad y aprobado por el Concejo Deliberante. A partir de la factura de energ\u00eda con vencimiento en septiembre, el costo del alumbrado p\u00fablico se calcular\u00e1 como un porcentaje del consumo de energ\u00eda el\u00e9ctrica en cada recibo, con un tope m\u00e1ximo y uno m\u00ednimo por tarifa. Este nuevo sistema reemplaza el m\u00e9todo anterior basado en la cantidad de l\u00e1mparas por cuadra y busca optimizar la recaudaci\u00f3n, garantizando una distribuci\u00f3n m\u00e1s equitativa de la carga tributaria.<\/p>\n","protected":false},"excerpt":{"rendered":"<p>A partir de este mes de septiembre, se implementar\u00e1 un cambio en el sistema de cobro de la Tasa por Alumbrado P\u00fablico, determinado por la Municipalidad y aprobado por el Concejo Deliberante&#8230;.<\/p>\n","protected":false},"author":1,"featured_media":2221,"comment_status":"open","ping_status":"open","sticky":false,"template":"","format":"standard","meta":{"footnotes":""},"categories":[3],"tags":[],"class_list":["post-3416","post","type-post","status-publish","format-standard","has-post-thumbnail","hentry","category-general"],"_links":{"self":[{"href":"https:\/\/emisoracolon.com.ar\/index.php\/wp-json\/wp\/v2\/posts\/3416","targetHints":{"allow":["GET"]}}],"collection":[{"href":"https:\/\/emisoracolon.com.ar\/index.php\/wp-json\/wp\/v2\/posts"}],"about":[{"href":"https:\/\/emisoracolon.com.ar\/index.php\/wp-json\/wp\/v2\/types\/post"}],"author":[{"embeddable":true,"href":"https:\/\/emisoracolon.com.ar\/index.php\/wp-json\/wp\/v2\/users\/1"}],"replies":[{"embeddable":true,"href":"https:\/\/emisoracolon.com.ar\/index.php\/wp-json\/wp\/v2\/comments?post=3416"}],"version-history":[{"count":1,"href":"https:\/\/emisoracolon.com.ar\/index.php\/wp-json\/wp\/v2\/posts\/3416\/revisions"}],"predecessor-version":[{"id":3417,"href":"https:\/\/emisoracolon.com.ar\/index.php\/wp-json\/wp\/v2\/posts\/3416\/revisions\/3417"}],"wp:featuredmedia":[{"embeddable":true,"href":"https:\/\/emisoracolon.com.ar\/index.php\/wp-json\/wp\/v2\/media\/2221"}],"wp:attachment":[{"href":"https:\/\/emisoracolon.com.ar\/index.php\/wp-json\/wp\/v2\/media?parent=3416"}],"wp:term":[{"taxonomy":"category","embeddable":true,"href":"https:\/\/emisoracolon.com.ar\/index.php\/wp-json\/wp\/v2\/categories?post=3416"},{"taxonomy":"post_tag","embeddable":true,"href":"https:\/\/emisoracolon.com.ar\/index.php\/wp-json\/wp\/v2\/tags?post=3416"}],"curies":[{"name":"wp","href":"https:\/\/api.w.org\/{rel}","templated":true}]}}