{"id":3398,"date":"2024-09-02T18:13:29","date_gmt":"2024-09-02T21:13:29","guid":{"rendered":"https:\/\/emisoracolon.com.ar\/?p=3398"},"modified":"2024-09-02T18:13:29","modified_gmt":"2024-09-02T21:13:29","slug":"condenados-por-destrozos","status":"publish","type":"post","link":"https:\/\/emisoracolon.com.ar\/index.php\/2024\/09\/02\/condenados-por-destrozos\/","title":{"rendered":"Condenados por destrozos"},"content":{"rendered":"\n<p>Se conoci\u00f3 la sentencia condenatoria para dos hermanos de Col\u00f3n que atacaron a piedrazos la sede de la filial de River Plate tras el &#8220;Supercl\u00e1sico&#8221; jugado el 25 de febrero de este a\u00f1o. Ambos acudieron a las instalaciones de los hinchas rivales para provocar desmanes, vandalizando la filial de River y agrediendo al personal policial que intervino.<\/p>\n\n\n\n<p>El hermano que golpe\u00f3 en el rostro a uno de los oficiales, provoc\u00e1ndole una lesi\u00f3n cortante, ten\u00eda antecedentes penales, por lo que su pena de seis meses ser\u00e1 de cumplimiento efectivo con un r\u00e9gimen de semidetenci\u00f3n. Cuando fue detenido, su hermano intervino en su defensa, siendo tambi\u00e9n reducido. En su caso, la sanci\u00f3n fue de tres meses en suspenso.<\/p>\n","protected":false},"excerpt":{"rendered":"<p>Se conoci\u00f3 la sentencia condenatoria para dos hermanos de Col\u00f3n que atacaron a piedrazos la sede de la filial de River Plate tras el &#8220;Supercl\u00e1sico&#8221; jugado el 25 de febrero de este&#8230;<\/p>\n","protected":false},"author":1,"featured_media":3088,"comment_status":"open","ping_status":"open","sticky":false,"template":"","format":"standard","meta":{"footnotes":""},"categories":[3],"tags":[],"class_list":["post-3398","post","type-post","status-publish","format-standard","has-post-thumbnail","hentry","category-general"],"_links":{"self":[{"href":"https:\/\/emisoracolon.com.ar\/index.php\/wp-json\/wp\/v2\/posts\/3398","targetHints":{"allow":["GET"]}}],"collection":[{"href":"https:\/\/emisoracolon.com.ar\/index.php\/wp-json\/wp\/v2\/posts"}],"about":[{"href":"https:\/\/emisoracolon.com.ar\/index.php\/wp-json\/wp\/v2\/types\/post"}],"author":[{"embeddable":true,"href":"https:\/\/emisoracolon.com.ar\/index.php\/wp-json\/wp\/v2\/users\/1"}],"replies":[{"embeddable":true,"href":"https:\/\/emisoracolon.com.ar\/index.php\/wp-json\/wp\/v2\/comments?post=3398"}],"version-history":[{"count":1,"href":"https:\/\/emisoracolon.com.ar\/index.php\/wp-json\/wp\/v2\/posts\/3398\/revisions"}],"predecessor-version":[{"id":3399,"href":"https:\/\/emisoracolon.com.ar\/index.php\/wp-json\/wp\/v2\/posts\/3398\/revisions\/3399"}],"wp:featuredmedia":[{"embeddable":true,"href":"https:\/\/emisoracolon.com.ar\/index.php\/wp-json\/wp\/v2\/media\/3088"}],"wp:attachment":[{"href":"https:\/\/emisoracolon.com.ar\/index.php\/wp-json\/wp\/v2\/media?parent=3398"}],"wp:term":[{"taxonomy":"category","embeddable":true,"href":"https:\/\/emisoracolon.com.ar\/index.php\/wp-json\/wp\/v2\/categories?post=3398"},{"taxonomy":"post_tag","embeddable":true,"href":"https:\/\/emisoracolon.com.ar\/index.php\/wp-json\/wp\/v2\/tags?post=3398"}],"curies":[{"name":"wp","href":"https:\/\/api.w.org\/{rel}","templated":true}]}}