{"id":3394,"date":"2024-09-02T18:12:12","date_gmt":"2024-09-02T21:12:12","guid":{"rendered":"https:\/\/emisoracolon.com.ar\/?p=3394"},"modified":"2024-09-02T18:12:12","modified_gmt":"2024-09-02T21:12:12","slug":"destrozos-en-el-lago-municipal","status":"publish","type":"post","link":"https:\/\/emisoracolon.com.ar\/index.php\/2024\/09\/02\/destrozos-en-el-lago-municipal\/","title":{"rendered":"Destrozos en el Lago Municipal"},"content":{"rendered":"\n<p>Lamentablemente manos an\u00f3nimas rompieron algunas de las instalaciones del Lago. No es la primera vez, pero siempre genera bronca e impotencia.<\/p>\n\n\n\n<p>La Municipalidad comunic\u00f3, \u201cDespu\u00e9s de trabajar intensamente en la Plaza San Mart\u00edn, iniciamos la semana pasada un proceso de restauraci\u00f3n y embellecimiento en el predio del Lago Municipal, que nos llevar\u00e1 un importante tiempo de trabajo, adem\u00e1s de recursos humanos y un enorme esfuerzo econ\u00f3mico.<\/p>\n\n\n\n<p>Ocurre con frecuencia, como hoy, que el lugar amanece con destrozos en bancos, parrilleros y vestuarios, lo que nos dificulta poder avanzar en nuestro proyecto de obra de cara al verano y nos resigna a trabajar una y otra vez sobre los mismos sectores.<\/p>\n\n\n\n<p>El Lago Municipal es un bello lugar, que nos representa, nos enorgullece y nos obliga a cuidarlo a todos por igual. Vamos a proteger y respetar los espacios p\u00fablicos en comunidad\u201d, finaliza.<\/p>\n","protected":false},"excerpt":{"rendered":"<p>Lamentablemente manos an\u00f3nimas rompieron algunas de las instalaciones del Lago. No es la primera vez, pero siempre genera bronca e impotencia. La Municipalidad comunic\u00f3, \u201cDespu\u00e9s de trabajar intensamente en la Plaza San&#8230;<\/p>\n","protected":false},"author":1,"featured_media":3391,"comment_status":"open","ping_status":"open","sticky":false,"template":"","format":"standard","meta":{"footnotes":""},"categories":[3],"tags":[],"class_list":["post-3394","post","type-post","status-publish","format-standard","has-post-thumbnail","hentry","category-general"],"_links":{"self":[{"href":"https:\/\/emisoracolon.com.ar\/index.php\/wp-json\/wp\/v2\/posts\/3394","targetHints":{"allow":["GET"]}}],"collection":[{"href":"https:\/\/emisoracolon.com.ar\/index.php\/wp-json\/wp\/v2\/posts"}],"about":[{"href":"https:\/\/emisoracolon.com.ar\/index.php\/wp-json\/wp\/v2\/types\/post"}],"author":[{"embeddable":true,"href":"https:\/\/emisoracolon.com.ar\/index.php\/wp-json\/wp\/v2\/users\/1"}],"replies":[{"embeddable":true,"href":"https:\/\/emisoracolon.com.ar\/index.php\/wp-json\/wp\/v2\/comments?post=3394"}],"version-history":[{"count":1,"href":"https:\/\/emisoracolon.com.ar\/index.php\/wp-json\/wp\/v2\/posts\/3394\/revisions"}],"predecessor-version":[{"id":3395,"href":"https:\/\/emisoracolon.com.ar\/index.php\/wp-json\/wp\/v2\/posts\/3394\/revisions\/3395"}],"wp:featuredmedia":[{"embeddable":true,"href":"https:\/\/emisoracolon.com.ar\/index.php\/wp-json\/wp\/v2\/media\/3391"}],"wp:attachment":[{"href":"https:\/\/emisoracolon.com.ar\/index.php\/wp-json\/wp\/v2\/media?parent=3394"}],"wp:term":[{"taxonomy":"category","embeddable":true,"href":"https:\/\/emisoracolon.com.ar\/index.php\/wp-json\/wp\/v2\/categories?post=3394"},{"taxonomy":"post_tag","embeddable":true,"href":"https:\/\/emisoracolon.com.ar\/index.php\/wp-json\/wp\/v2\/tags?post=3394"}],"curies":[{"name":"wp","href":"https:\/\/api.w.org\/{rel}","templated":true}]}}