{"id":3390,"date":"2024-09-02T18:11:11","date_gmt":"2024-09-02T21:11:11","guid":{"rendered":"https:\/\/emisoracolon.com.ar\/?p=3390"},"modified":"2024-09-02T18:11:43","modified_gmt":"2024-09-02T21:11:43","slug":"un-ano-de-eco-canje","status":"publish","type":"post","link":"https:\/\/emisoracolon.com.ar\/index.php\/2024\/09\/02\/un-ano-de-eco-canje\/","title":{"rendered":"Un a\u00f1o de eco canje"},"content":{"rendered":"\n<p>Se cumple el primer aniversario del EcoCanje. Desde Septiembre 2023 se lleva a cabo este proyecto, el cu\u00e1l busca concientizar d\u00eda a d\u00eda a la poblaci\u00f3n sobre el cuidado del ambiente de la mano del reciclado y la soberan\u00eda alimentaria<\/p>\n\n\n\n<p>Dicen, \u201cFue un a\u00f1o de mucha reducci\u00f3n, reciclado y valorizaci\u00f3n de residuos, como tambi\u00e9n de plantines y nuevas huertas domiciliarias, todo gracias a los vecinos que mes a mes se acercan con sus residuos reciclables limpios y secos\u201d.<\/p>\n\n\n\n<p>Ser\u00e1 este viernes 6 de septiembre, en el Polo Cultural (Entrada de Calle 11 y 43) de 10 :00 a 13.30. Invitan a concurrir con residuos de cart\u00f3n o papel, pl\u00e1stico, metal y vidrio (limpios y secos) que podr\u00e1n canjearlos por plantines de diferentes especies, tierra abonada, semillas, pulverizadores, etc.<\/p>\n","protected":false},"excerpt":{"rendered":"<p>Se cumple el primer aniversario del EcoCanje. Desde Septiembre 2023 se lleva a cabo este proyecto, el cu\u00e1l busca concientizar d\u00eda a d\u00eda a la poblaci\u00f3n sobre el cuidado del ambiente de&#8230;<\/p>\n","protected":false},"author":1,"featured_media":3393,"comment_status":"open","ping_status":"open","sticky":false,"template":"","format":"standard","meta":{"footnotes":""},"categories":[3],"tags":[],"class_list":["post-3390","post","type-post","status-publish","format-standard","has-post-thumbnail","hentry","category-general"],"_links":{"self":[{"href":"https:\/\/emisoracolon.com.ar\/index.php\/wp-json\/wp\/v2\/posts\/3390","targetHints":{"allow":["GET"]}}],"collection":[{"href":"https:\/\/emisoracolon.com.ar\/index.php\/wp-json\/wp\/v2\/posts"}],"about":[{"href":"https:\/\/emisoracolon.com.ar\/index.php\/wp-json\/wp\/v2\/types\/post"}],"author":[{"embeddable":true,"href":"https:\/\/emisoracolon.com.ar\/index.php\/wp-json\/wp\/v2\/users\/1"}],"replies":[{"embeddable":true,"href":"https:\/\/emisoracolon.com.ar\/index.php\/wp-json\/wp\/v2\/comments?post=3390"}],"version-history":[{"count":1,"href":"https:\/\/emisoracolon.com.ar\/index.php\/wp-json\/wp\/v2\/posts\/3390\/revisions"}],"predecessor-version":[{"id":3392,"href":"https:\/\/emisoracolon.com.ar\/index.php\/wp-json\/wp\/v2\/posts\/3390\/revisions\/3392"}],"wp:featuredmedia":[{"embeddable":true,"href":"https:\/\/emisoracolon.com.ar\/index.php\/wp-json\/wp\/v2\/media\/3393"}],"wp:attachment":[{"href":"https:\/\/emisoracolon.com.ar\/index.php\/wp-json\/wp\/v2\/media?parent=3390"}],"wp:term":[{"taxonomy":"category","embeddable":true,"href":"https:\/\/emisoracolon.com.ar\/index.php\/wp-json\/wp\/v2\/categories?post=3390"},{"taxonomy":"post_tag","embeddable":true,"href":"https:\/\/emisoracolon.com.ar\/index.php\/wp-json\/wp\/v2\/tags?post=3390"}],"curies":[{"name":"wp","href":"https:\/\/api.w.org\/{rel}","templated":true}]}}