{"id":3387,"date":"2024-09-02T18:10:23","date_gmt":"2024-09-02T21:10:23","guid":{"rendered":"https:\/\/emisoracolon.com.ar\/?p=3387"},"modified":"2024-09-02T18:10:23","modified_gmt":"2024-09-02T21:10:23","slug":"festival-de-humor","status":"publish","type":"post","link":"https:\/\/emisoracolon.com.ar\/index.php\/2024\/09\/02\/festival-de-humor\/","title":{"rendered":"Festival de Humor"},"content":{"rendered":"\n<p>El pr\u00f3ximo s\u00e1bado est\u00e1 programado el Festival Bonaerense del Humor, que contar\u00e1 con la presencia de Pedro Saborido. El evento se realizar\u00e1 en la Sala Teatral Carlos Laplacette de la Biblioteca Popular Mariano Moreno de Col\u00f3n y ser\u00e1 libre y gratuito.<\/p>\n\n\n\n<p>En esta nueva edici\u00f3n, el humor ser\u00e1 abordado desde diferentes perspectivas, tanto te\u00f3ricas como pr\u00e1cticas. Pedro Saborido se encargar\u00e1 de la parte te\u00f3rica, ofreciendo un Taller de Humor: una charla abierta en la que se explorar\u00e1 c\u00f3mo se hizo \u201cPeter Capusotto y sus videos\u201d. Durante la charla, se proyectar\u00e1n fragmentos del programa para recordar la creaci\u00f3n de algunos personajes y c\u00f3mo se desarrolla la creatividad en la preproducci\u00f3n, guion, producci\u00f3n y montaje. Al final, se abrir\u00e1 el micr\u00f3fono para la participaci\u00f3n del p\u00fablico.<\/p>\n\n\n\n<p>La parte pr\u00e1ctica del festival consistir\u00e1 en una Variet\u00e9 de Humor, con la presentaci\u00f3n de diversas disciplinas humor\u00edsticas. La variet\u00e9 contar\u00e1 con comediantes locales y for\u00e1neos, y ser\u00e1 presentada por Conrado Geiger. Entre los participantes estar\u00e1n Daniel Campomenosi, Alejandra Bavera, Dan Tumburus y el m\u00fasico Alejandro Sanz. El Grupo de Impro La Jarana, cr\u00e9dito local, cerrar\u00e1 el espect\u00e1culo. El Ciclo Bonaerense de Humor es un programa organizado por la Unidad de Identidad Bonaerense del Instituto Cultural, cuyo objetivo es ofrecer una perspectiva diferente de la realidad y fomentar la risa ante los propios problemas.<\/p>\n","protected":false},"excerpt":{"rendered":"<p>El pr\u00f3ximo s\u00e1bado est\u00e1 programado el Festival Bonaerense del Humor, que contar\u00e1 con la presencia de Pedro Saborido. El evento se realizar\u00e1 en la Sala Teatral Carlos Laplacette de la Biblioteca Popular&#8230;<\/p>\n","protected":false},"author":1,"featured_media":3388,"comment_status":"open","ping_status":"open","sticky":false,"template":"","format":"standard","meta":{"footnotes":""},"categories":[7,3],"tags":[],"class_list":["post-3387","post","type-post","status-publish","format-standard","has-post-thumbnail","hentry","category-cultura","category-general"],"_links":{"self":[{"href":"https:\/\/emisoracolon.com.ar\/index.php\/wp-json\/wp\/v2\/posts\/3387","targetHints":{"allow":["GET"]}}],"collection":[{"href":"https:\/\/emisoracolon.com.ar\/index.php\/wp-json\/wp\/v2\/posts"}],"about":[{"href":"https:\/\/emisoracolon.com.ar\/index.php\/wp-json\/wp\/v2\/types\/post"}],"author":[{"embeddable":true,"href":"https:\/\/emisoracolon.com.ar\/index.php\/wp-json\/wp\/v2\/users\/1"}],"replies":[{"embeddable":true,"href":"https:\/\/emisoracolon.com.ar\/index.php\/wp-json\/wp\/v2\/comments?post=3387"}],"version-history":[{"count":1,"href":"https:\/\/emisoracolon.com.ar\/index.php\/wp-json\/wp\/v2\/posts\/3387\/revisions"}],"predecessor-version":[{"id":3389,"href":"https:\/\/emisoracolon.com.ar\/index.php\/wp-json\/wp\/v2\/posts\/3387\/revisions\/3389"}],"wp:featuredmedia":[{"embeddable":true,"href":"https:\/\/emisoracolon.com.ar\/index.php\/wp-json\/wp\/v2\/media\/3388"}],"wp:attachment":[{"href":"https:\/\/emisoracolon.com.ar\/index.php\/wp-json\/wp\/v2\/media?parent=3387"}],"wp:term":[{"taxonomy":"category","embeddable":true,"href":"https:\/\/emisoracolon.com.ar\/index.php\/wp-json\/wp\/v2\/categories?post=3387"},{"taxonomy":"post_tag","embeddable":true,"href":"https:\/\/emisoracolon.com.ar\/index.php\/wp-json\/wp\/v2\/tags?post=3387"}],"curies":[{"name":"wp","href":"https:\/\/api.w.org\/{rel}","templated":true}]}}