{"id":3359,"date":"2024-08-30T18:10:48","date_gmt":"2024-08-30T21:10:48","guid":{"rendered":"https:\/\/emisoracolon.com.ar\/?p=3359"},"modified":"2024-08-30T18:10:48","modified_gmt":"2024-08-30T21:10:48","slug":"taller-de-residuos-y-compostaje","status":"publish","type":"post","link":"https:\/\/emisoracolon.com.ar\/index.php\/2024\/08\/30\/taller-de-residuos-y-compostaje\/","title":{"rendered":"Taller de residuos y compostaje"},"content":{"rendered":"\n<p>El martes y mi\u00e9rcoles pasado se llevaron a cabo Talleres de Residuos Reciclables y Compostaje, impulsados por la Subsecretar\u00eda de Ambiente en conjunto con el Programa Municipal Envi\u00f3n. El ingeniero ambiental Mart\u00edn Demicco lider\u00f3 las actividades, en las que participaron j\u00f3venes del Programa Envi\u00f3n y del proyecto &#8220;Gran Gallinero en La Palmira&#8221;. Estos talleres tienen como objetivo concientizar y capacitar a los j\u00f3venes sobre temas socioambientales. Adem\u00e1s, se entregaron contenedores para la separaci\u00f3n diferenciada de residuos y una compostera para usar en el proyecto de huerta.<\/p>\n","protected":false},"excerpt":{"rendered":"<p>El martes y mi\u00e9rcoles pasado se llevaron a cabo Talleres de Residuos Reciclables y Compostaje, impulsados por la Subsecretar\u00eda de Ambiente en conjunto con el Programa Municipal Envi\u00f3n. El ingeniero ambiental Mart\u00edn&#8230;<\/p>\n","protected":false},"author":1,"featured_media":3360,"comment_status":"open","ping_status":"open","sticky":false,"template":"","format":"standard","meta":{"footnotes":""},"categories":[3],"tags":[],"class_list":["post-3359","post","type-post","status-publish","format-standard","has-post-thumbnail","hentry","category-general"],"_links":{"self":[{"href":"https:\/\/emisoracolon.com.ar\/index.php\/wp-json\/wp\/v2\/posts\/3359","targetHints":{"allow":["GET"]}}],"collection":[{"href":"https:\/\/emisoracolon.com.ar\/index.php\/wp-json\/wp\/v2\/posts"}],"about":[{"href":"https:\/\/emisoracolon.com.ar\/index.php\/wp-json\/wp\/v2\/types\/post"}],"author":[{"embeddable":true,"href":"https:\/\/emisoracolon.com.ar\/index.php\/wp-json\/wp\/v2\/users\/1"}],"replies":[{"embeddable":true,"href":"https:\/\/emisoracolon.com.ar\/index.php\/wp-json\/wp\/v2\/comments?post=3359"}],"version-history":[{"count":1,"href":"https:\/\/emisoracolon.com.ar\/index.php\/wp-json\/wp\/v2\/posts\/3359\/revisions"}],"predecessor-version":[{"id":3361,"href":"https:\/\/emisoracolon.com.ar\/index.php\/wp-json\/wp\/v2\/posts\/3359\/revisions\/3361"}],"wp:featuredmedia":[{"embeddable":true,"href":"https:\/\/emisoracolon.com.ar\/index.php\/wp-json\/wp\/v2\/media\/3360"}],"wp:attachment":[{"href":"https:\/\/emisoracolon.com.ar\/index.php\/wp-json\/wp\/v2\/media?parent=3359"}],"wp:term":[{"taxonomy":"category","embeddable":true,"href":"https:\/\/emisoracolon.com.ar\/index.php\/wp-json\/wp\/v2\/categories?post=3359"},{"taxonomy":"post_tag","embeddable":true,"href":"https:\/\/emisoracolon.com.ar\/index.php\/wp-json\/wp\/v2\/tags?post=3359"}],"curies":[{"name":"wp","href":"https:\/\/api.w.org\/{rel}","templated":true}]}}