{"id":3344,"date":"2024-08-29T18:19:31","date_gmt":"2024-08-29T21:19:31","guid":{"rendered":"https:\/\/emisoracolon.com.ar\/?p=3344"},"modified":"2024-08-29T18:19:31","modified_gmt":"2024-08-29T21:19:31","slug":"por-los-radicales-y-ansaloni","status":"publish","type":"post","link":"https:\/\/emisoracolon.com.ar\/index.php\/2024\/08\/29\/por-los-radicales-y-ansaloni\/","title":{"rendered":"Por los radicales y Ansaloni"},"content":{"rendered":"\n<p>Carlos Traficante critic\u00f3 en\u00e9rgicamente la visita de seis diputados nacionales a represores detenidos en la c\u00e1rcel de Ezeiza. Destac\u00f3 que los legisladores llegaron en un autom\u00f3vil oficial y, en una clara violaci\u00f3n de las normas, ingresaron con sus celulares a un lugar donde no est\u00e1 permitido. Seg\u00fan Traficante, todos los diputados involucrados tienen v\u00ednculos con la vicepresidenta Victoria Villaruel, y afirm\u00f3 que este acto es coherente con la pol\u00edtica de Javier Milei, quien, seg\u00fan \u00e9l, minimiza la cifra de 30 mil desaparecidos y desestima a los organismos de derechos humanos.<\/p>\n\n\n\n<p>Traficante calific\u00f3 el hecho como &#8220;muy grave&#8221;, se\u00f1alando que un diputado que jur\u00f3 por la Constituci\u00f3n no deber\u00eda dejarla de lado durante su mandato para visitar a violadores, torturadores y responsables de desapariciones. Sugiri\u00f3 que la visita podr\u00eda tener como objetivo mejorar la situaci\u00f3n de estos detenidos o incluso conseguir su liberaci\u00f3n.<\/p>\n\n\n\n<p>Adem\u00e1s, Traficante mencion\u00f3 que desde el bloque Uni\u00f3n por la Patria en la C\u00e1mara de Senadores se impuls\u00f3 la expulsi\u00f3n de los seis legisladores que participaron en la visita. Sin embargo, no se alcanz\u00f3 la mayor\u00eda especial requerida en el Congreso para proceder con la expulsi\u00f3n, debido a los votos de los radicales, Libertad Avanza, y Pablo Ansaloni, quienes impidieron que se lograra dicho objetivo.<\/p>\n","protected":false},"excerpt":{"rendered":"<p>Carlos Traficante critic\u00f3 en\u00e9rgicamente la visita de seis diputados nacionales a represores detenidos en la c\u00e1rcel de Ezeiza. Destac\u00f3 que los legisladores llegaron en un autom\u00f3vil oficial y, en una clara violaci\u00f3n&#8230;<\/p>\n","protected":false},"author":1,"featured_media":3345,"comment_status":"open","ping_status":"open","sticky":false,"template":"","format":"standard","meta":{"footnotes":""},"categories":[3],"tags":[],"class_list":["post-3344","post","type-post","status-publish","format-standard","has-post-thumbnail","hentry","category-general"],"_links":{"self":[{"href":"https:\/\/emisoracolon.com.ar\/index.php\/wp-json\/wp\/v2\/posts\/3344","targetHints":{"allow":["GET"]}}],"collection":[{"href":"https:\/\/emisoracolon.com.ar\/index.php\/wp-json\/wp\/v2\/posts"}],"about":[{"href":"https:\/\/emisoracolon.com.ar\/index.php\/wp-json\/wp\/v2\/types\/post"}],"author":[{"embeddable":true,"href":"https:\/\/emisoracolon.com.ar\/index.php\/wp-json\/wp\/v2\/users\/1"}],"replies":[{"embeddable":true,"href":"https:\/\/emisoracolon.com.ar\/index.php\/wp-json\/wp\/v2\/comments?post=3344"}],"version-history":[{"count":1,"href":"https:\/\/emisoracolon.com.ar\/index.php\/wp-json\/wp\/v2\/posts\/3344\/revisions"}],"predecessor-version":[{"id":3346,"href":"https:\/\/emisoracolon.com.ar\/index.php\/wp-json\/wp\/v2\/posts\/3344\/revisions\/3346"}],"wp:featuredmedia":[{"embeddable":true,"href":"https:\/\/emisoracolon.com.ar\/index.php\/wp-json\/wp\/v2\/media\/3345"}],"wp:attachment":[{"href":"https:\/\/emisoracolon.com.ar\/index.php\/wp-json\/wp\/v2\/media?parent=3344"}],"wp:term":[{"taxonomy":"category","embeddable":true,"href":"https:\/\/emisoracolon.com.ar\/index.php\/wp-json\/wp\/v2\/categories?post=3344"},{"taxonomy":"post_tag","embeddable":true,"href":"https:\/\/emisoracolon.com.ar\/index.php\/wp-json\/wp\/v2\/tags?post=3344"}],"curies":[{"name":"wp","href":"https:\/\/api.w.org\/{rel}","templated":true}]}}