{"id":3331,"date":"2024-08-29T18:10:29","date_gmt":"2024-08-29T21:10:29","guid":{"rendered":"https:\/\/emisoracolon.com.ar\/?p=3331"},"modified":"2024-08-29T18:10:29","modified_gmt":"2024-08-29T21:10:29","slug":"aparato-para-detectar-perdidas-de-agua","status":"publish","type":"post","link":"https:\/\/emisoracolon.com.ar\/index.php\/2024\/08\/29\/aparato-para-detectar-perdidas-de-agua\/","title":{"rendered":"Aparato para detectar p\u00e9rdidas de agua"},"content":{"rendered":"\n<p>Recientemente, se inund\u00f3 el s\u00f3tano de un comercio en el centro de la ciudad debido a una p\u00e9rdida de agua. El concejal N\u00e9stor Iacci inform\u00f3 que esta situaci\u00f3n provoc\u00f3 la p\u00e9rdida de mercader\u00eda almacenada en el lugar.<\/p>\n\n\n\n<p>Describi\u00f3 que personal de Obras Sanitarias y otros contratados realizaron cinco pozos y trabajaron toda la noche para identificar el origen de la fuga. &#8220;Esto se hubiese evitado si se contara con un detector de fugas de agua, como propusimos en su momento. Creo que ahora el intendente lo ha anunciado, por lo que espero que se concrete&#8221;, coment\u00f3.<\/p>\n","protected":false},"excerpt":{"rendered":"<p>Recientemente, se inund\u00f3 el s\u00f3tano de un comercio en el centro de la ciudad debido a una p\u00e9rdida de agua. El concejal N\u00e9stor Iacci inform\u00f3 que esta situaci\u00f3n provoc\u00f3 la p\u00e9rdida de&#8230;<\/p>\n","protected":false},"author":1,"featured_media":3332,"comment_status":"open","ping_status":"open","sticky":false,"template":"","format":"standard","meta":{"footnotes":""},"categories":[3],"tags":[],"class_list":["post-3331","post","type-post","status-publish","format-standard","has-post-thumbnail","hentry","category-general"],"_links":{"self":[{"href":"https:\/\/emisoracolon.com.ar\/index.php\/wp-json\/wp\/v2\/posts\/3331","targetHints":{"allow":["GET"]}}],"collection":[{"href":"https:\/\/emisoracolon.com.ar\/index.php\/wp-json\/wp\/v2\/posts"}],"about":[{"href":"https:\/\/emisoracolon.com.ar\/index.php\/wp-json\/wp\/v2\/types\/post"}],"author":[{"embeddable":true,"href":"https:\/\/emisoracolon.com.ar\/index.php\/wp-json\/wp\/v2\/users\/1"}],"replies":[{"embeddable":true,"href":"https:\/\/emisoracolon.com.ar\/index.php\/wp-json\/wp\/v2\/comments?post=3331"}],"version-history":[{"count":1,"href":"https:\/\/emisoracolon.com.ar\/index.php\/wp-json\/wp\/v2\/posts\/3331\/revisions"}],"predecessor-version":[{"id":3333,"href":"https:\/\/emisoracolon.com.ar\/index.php\/wp-json\/wp\/v2\/posts\/3331\/revisions\/3333"}],"wp:featuredmedia":[{"embeddable":true,"href":"https:\/\/emisoracolon.com.ar\/index.php\/wp-json\/wp\/v2\/media\/3332"}],"wp:attachment":[{"href":"https:\/\/emisoracolon.com.ar\/index.php\/wp-json\/wp\/v2\/media?parent=3331"}],"wp:term":[{"taxonomy":"category","embeddable":true,"href":"https:\/\/emisoracolon.com.ar\/index.php\/wp-json\/wp\/v2\/categories?post=3331"},{"taxonomy":"post_tag","embeddable":true,"href":"https:\/\/emisoracolon.com.ar\/index.php\/wp-json\/wp\/v2\/tags?post=3331"}],"curies":[{"name":"wp","href":"https:\/\/api.w.org\/{rel}","templated":true}]}}