{"id":3318,"date":"2024-08-28T16:40:54","date_gmt":"2024-08-28T19:40:54","guid":{"rendered":"https:\/\/emisoracolon.com.ar\/?p=3318"},"modified":"2024-08-28T16:40:54","modified_gmt":"2024-08-28T19:40:54","slug":"cae-un-convenio-de-ioma","status":"publish","type":"post","link":"https:\/\/emisoracolon.com.ar\/index.php\/2024\/08\/28\/cae-un-convenio-de-ioma\/","title":{"rendered":"Cae un convenio de IOMA"},"content":{"rendered":"\n<p><strong>El Instituto de Obra M\u00e9dico Asistencial (IOMA) dio por terminado un importante convenio con la Federaci\u00f3n M\u00e9dica de la Provincia de Buenos Aires (FEMEBA) para la regi\u00f3n de Jun\u00edn, que incluye a la ciudad cabecera de la cuarta secci\u00f3n y otras diez localidades. Esta medida tens\u00f3 a\u00fan m\u00e1s la compleja relaci\u00f3n que mantiene con la organizaci\u00f3n que nuclea a las entidades m\u00e9dicas federadas.<\/strong><\/p>\n\n\n\n<p><strong>La decisi\u00f3n fue tomada d\u00edas atr\u00e1s en una reuni\u00f3n del directorio de la mutual y comunicada en las \u00faltimas horas. Comenzar\u00e1 a regir desde septiembre y comprende a las localidades de Jun\u00edn, Alberti, Bragado, Chacabuco, Col\u00f3n, Florentino Ameghino, General Arenales, General Pinto, General Viamonte, Leandro N. Alem y Rojas. La medida, que regir\u00e1 desde el 1\u00b0 de septiembre, consta de una detallada y exhaustiva memoria de casos denunciados sobre la calidad de cobertura m\u00e9dica, a la que no acceden o acceden mediante el pago de sumas indebidas unos 80.000 afiliados.<\/strong><\/p>\n","protected":false},"excerpt":{"rendered":"<p>El Instituto de Obra M\u00e9dico Asistencial (IOMA) dio por terminado un importante convenio con la Federaci\u00f3n M\u00e9dica de la Provincia de Buenos Aires (FEMEBA) para la regi\u00f3n de Jun\u00edn, que incluye a&#8230;<\/p>\n","protected":false},"author":1,"featured_media":3319,"comment_status":"open","ping_status":"open","sticky":false,"template":"","format":"standard","meta":{"footnotes":""},"categories":[3],"tags":[],"class_list":["post-3318","post","type-post","status-publish","format-standard","has-post-thumbnail","hentry","category-general"],"_links":{"self":[{"href":"https:\/\/emisoracolon.com.ar\/index.php\/wp-json\/wp\/v2\/posts\/3318","targetHints":{"allow":["GET"]}}],"collection":[{"href":"https:\/\/emisoracolon.com.ar\/index.php\/wp-json\/wp\/v2\/posts"}],"about":[{"href":"https:\/\/emisoracolon.com.ar\/index.php\/wp-json\/wp\/v2\/types\/post"}],"author":[{"embeddable":true,"href":"https:\/\/emisoracolon.com.ar\/index.php\/wp-json\/wp\/v2\/users\/1"}],"replies":[{"embeddable":true,"href":"https:\/\/emisoracolon.com.ar\/index.php\/wp-json\/wp\/v2\/comments?post=3318"}],"version-history":[{"count":1,"href":"https:\/\/emisoracolon.com.ar\/index.php\/wp-json\/wp\/v2\/posts\/3318\/revisions"}],"predecessor-version":[{"id":3320,"href":"https:\/\/emisoracolon.com.ar\/index.php\/wp-json\/wp\/v2\/posts\/3318\/revisions\/3320"}],"wp:featuredmedia":[{"embeddable":true,"href":"https:\/\/emisoracolon.com.ar\/index.php\/wp-json\/wp\/v2\/media\/3319"}],"wp:attachment":[{"href":"https:\/\/emisoracolon.com.ar\/index.php\/wp-json\/wp\/v2\/media?parent=3318"}],"wp:term":[{"taxonomy":"category","embeddable":true,"href":"https:\/\/emisoracolon.com.ar\/index.php\/wp-json\/wp\/v2\/categories?post=3318"},{"taxonomy":"post_tag","embeddable":true,"href":"https:\/\/emisoracolon.com.ar\/index.php\/wp-json\/wp\/v2\/tags?post=3318"}],"curies":[{"name":"wp","href":"https:\/\/api.w.org\/{rel}","templated":true}]}}