{"id":3310,"date":"2024-08-28T16:32:24","date_gmt":"2024-08-28T19:32:24","guid":{"rendered":"https:\/\/emisoracolon.com.ar\/?p=3310"},"modified":"2024-08-28T16:32:24","modified_gmt":"2024-08-28T19:32:24","slug":"festival-bonaerense-del-humor-con-pedro-saborido","status":"publish","type":"post","link":"https:\/\/emisoracolon.com.ar\/index.php\/2024\/08\/28\/festival-bonaerense-del-humor-con-pedro-saborido\/","title":{"rendered":"Festival Bonaerense del Humor con Pedro Saborido"},"content":{"rendered":"\n<p><strong>El s\u00e1bado 7 de septiembre desde las 19:00 en Sala Teatral Carlos Laplacette de la Biblioteca Popular Mariano Moreno de Col\u00f3n se realizar\u00e1 el Festival del Humor Bonaerense. El evento es libre y gratuito.<\/strong><\/p>\n\n\n\n<p><strong>En esta nueva edici\u00f3n, se tratar\u00e1 al humor a trav\u00e9s de diferentes visiones, se lo analizar\u00e1 desde lo te\u00f3rico y lo pr\u00e1ctico. Desde la teor\u00eda se har\u00e1 cargo Pedro Saborido con un Taller de Humor: una charla abierta sobre el humor, sobre c\u00f3mo se hizo \u201cPeter Capusotto y sus videos\u201d. Se proyectar\u00e1n fragmentos, para recordar c\u00f3mo se crearon algunos personajes, y como se desarrolla la creatividad en la preproducci\u00f3n, el gui\u00f3n, la producci\u00f3n y el montaje. Sobre el tramo del final se abrir\u00e1 el micr\u00f3fono para que participe el p\u00fablico.<\/strong><\/p>\n\n\n\n<p><strong>Como remate, lo pr\u00e1ctico se presentar\u00e1 con una Variet\u00e9 de Humor, con la presentaci\u00f3n de diversas disciplinas humor\u00edsticas. La variet\u00e9 estar\u00e1 integrada por comediantes locales y forasteros. El presentador ser\u00e1 Conrado Geiger, y los comediantes Daniel Campomenosi, Alejandra Bavera, Dan Tumburus y el m\u00fasico Alejandro Sanz. El cr\u00e9dito local es el Grupo de Impro La Jarana que estar\u00e1n a cargo del cierre de este variet\u00e9 del Festival de Humor.<\/strong><\/p>\n\n\n\n<p><strong>Ciclo Bonaerense de Humor es un programa organizado por la Unidad de Identidad Bonaerense del Instituto Cultural que tiene como finalidad hacer un aporte a ver la realidad de otro modo, y a re\u00edrse de los propios problemas.<\/strong><\/p>\n","protected":false},"excerpt":{"rendered":"<p>El s\u00e1bado 7 de septiembre desde las 19:00 en Sala Teatral Carlos Laplacette de la Biblioteca Popular Mariano Moreno de Col\u00f3n se realizar\u00e1 el Festival del Humor Bonaerense. El evento es libre&#8230;<\/p>\n","protected":false},"author":1,"featured_media":2273,"comment_status":"open","ping_status":"open","sticky":false,"template":"","format":"standard","meta":{"footnotes":""},"categories":[7,3],"tags":[],"class_list":["post-3310","post","type-post","status-publish","format-standard","has-post-thumbnail","hentry","category-cultura","category-general"],"_links":{"self":[{"href":"https:\/\/emisoracolon.com.ar\/index.php\/wp-json\/wp\/v2\/posts\/3310","targetHints":{"allow":["GET"]}}],"collection":[{"href":"https:\/\/emisoracolon.com.ar\/index.php\/wp-json\/wp\/v2\/posts"}],"about":[{"href":"https:\/\/emisoracolon.com.ar\/index.php\/wp-json\/wp\/v2\/types\/post"}],"author":[{"embeddable":true,"href":"https:\/\/emisoracolon.com.ar\/index.php\/wp-json\/wp\/v2\/users\/1"}],"replies":[{"embeddable":true,"href":"https:\/\/emisoracolon.com.ar\/index.php\/wp-json\/wp\/v2\/comments?post=3310"}],"version-history":[{"count":1,"href":"https:\/\/emisoracolon.com.ar\/index.php\/wp-json\/wp\/v2\/posts\/3310\/revisions"}],"predecessor-version":[{"id":3311,"href":"https:\/\/emisoracolon.com.ar\/index.php\/wp-json\/wp\/v2\/posts\/3310\/revisions\/3311"}],"wp:featuredmedia":[{"embeddable":true,"href":"https:\/\/emisoracolon.com.ar\/index.php\/wp-json\/wp\/v2\/media\/2273"}],"wp:attachment":[{"href":"https:\/\/emisoracolon.com.ar\/index.php\/wp-json\/wp\/v2\/media?parent=3310"}],"wp:term":[{"taxonomy":"category","embeddable":true,"href":"https:\/\/emisoracolon.com.ar\/index.php\/wp-json\/wp\/v2\/categories?post=3310"},{"taxonomy":"post_tag","embeddable":true,"href":"https:\/\/emisoracolon.com.ar\/index.php\/wp-json\/wp\/v2\/tags?post=3310"}],"curies":[{"name":"wp","href":"https:\/\/api.w.org\/{rel}","templated":true}]}}