{"id":3305,"date":"2024-08-28T16:28:37","date_gmt":"2024-08-28T19:28:37","guid":{"rendered":"https:\/\/emisoracolon.com.ar\/?p=3305"},"modified":"2024-08-28T16:28:37","modified_gmt":"2024-08-28T19:28:37","slug":"ortega-y-silveira-subcampeones-en-el-mundial-de-tango","status":"publish","type":"post","link":"https:\/\/emisoracolon.com.ar\/index.php\/2024\/08\/28\/ortega-y-silveira-subcampeones-en-el-mundial-de-tango\/","title":{"rendered":"Ortega y Silveira, subcampeones en el Mundial de Tango"},"content":{"rendered":"\n<p><strong>Anoche, el Mundial de Tango BA consagr\u00f3 a la pareja colonense integrada por Diego Pepo Ortega y Aldana Silveira como subcampeona. La premiaci\u00f3n fue un momento sumamente emocionante, con los resultados dados a conocer de menor a mayor, lo que intensific\u00f3 la expectativa al acercarse los primeros lugares. Finalmente, Ortega y Silveira fueron considerados segundos en la categor\u00eda Tango Pista, con una diferencia m\u00ednima frente a la pareja ganadora, integrada por F\u00e1tima Caracoch y Brenno Lucas Marquez. En la categor\u00eda Tango Escenario, la pareja Ayel\u00e9n Morando y Sebasti\u00e1n Mart\u00ednez se qued\u00f3 con el premio mayor de esta edici\u00f3n.<\/strong><\/p>\n\n\n\n<p><strong>Fue una notable representaci\u00f3n de Col\u00f3n en un evento que reuni\u00f3 a figuras consagradas del g\u00e9nero y a nuevas generaciones, ofreciendo lo mejor de la escena tanguera contempor\u00e1nea. Desde el 14 de agosto, Buenos Aires se convirti\u00f3 en el epicentro del universo del 2&#215;4, con actividades que incluyeron orquestas y ensambles, espect\u00e1culos de danza, clases tem\u00e1ticas, exhibiciones de baile, milongas, feria de productos, homenajes, cine, videoclips, muestras, presentaciones de libros y un cierre de lujo en el Teatro Col\u00f3n, de la mano del maestro N\u00e9stor Marconi.<\/strong><\/p>\n\n\n\n<p><strong>Las finales del Mundial de Tango, que en ediciones anteriores se hab\u00edan realizado en lugares emblem\u00e1ticos como el Luna Park, La Rural o el Obelisco, encontraron en el Movistar Arena un nuevo escenario, que estuvo a la altura del prestigio y la importancia del evento. Esta 21\u00aa edici\u00f3n no solo bati\u00f3 r\u00e9cords en participaci\u00f3n, con 750 parejas de 53 pa\u00edses diferentes, sino que tambi\u00e9n consolid\u00f3 a Buenos Aires como el epicentro del tango a nivel mundial.<\/strong><\/p>\n","protected":false},"excerpt":{"rendered":"<p>Anoche, el Mundial de Tango BA consagr\u00f3 a la pareja colonense integrada por Diego Pepo Ortega y Aldana Silveira como subcampeona. La premiaci\u00f3n fue un momento sumamente emocionante, con los resultados dados&#8230;<\/p>\n","protected":false},"author":1,"featured_media":3306,"comment_status":"open","ping_status":"open","sticky":false,"template":"","format":"standard","meta":{"footnotes":""},"categories":[7,3],"tags":[],"class_list":["post-3305","post","type-post","status-publish","format-standard","has-post-thumbnail","hentry","category-cultura","category-general"],"_links":{"self":[{"href":"https:\/\/emisoracolon.com.ar\/index.php\/wp-json\/wp\/v2\/posts\/3305","targetHints":{"allow":["GET"]}}],"collection":[{"href":"https:\/\/emisoracolon.com.ar\/index.php\/wp-json\/wp\/v2\/posts"}],"about":[{"href":"https:\/\/emisoracolon.com.ar\/index.php\/wp-json\/wp\/v2\/types\/post"}],"author":[{"embeddable":true,"href":"https:\/\/emisoracolon.com.ar\/index.php\/wp-json\/wp\/v2\/users\/1"}],"replies":[{"embeddable":true,"href":"https:\/\/emisoracolon.com.ar\/index.php\/wp-json\/wp\/v2\/comments?post=3305"}],"version-history":[{"count":1,"href":"https:\/\/emisoracolon.com.ar\/index.php\/wp-json\/wp\/v2\/posts\/3305\/revisions"}],"predecessor-version":[{"id":3307,"href":"https:\/\/emisoracolon.com.ar\/index.php\/wp-json\/wp\/v2\/posts\/3305\/revisions\/3307"}],"wp:featuredmedia":[{"embeddable":true,"href":"https:\/\/emisoracolon.com.ar\/index.php\/wp-json\/wp\/v2\/media\/3306"}],"wp:attachment":[{"href":"https:\/\/emisoracolon.com.ar\/index.php\/wp-json\/wp\/v2\/media?parent=3305"}],"wp:term":[{"taxonomy":"category","embeddable":true,"href":"https:\/\/emisoracolon.com.ar\/index.php\/wp-json\/wp\/v2\/categories?post=3305"},{"taxonomy":"post_tag","embeddable":true,"href":"https:\/\/emisoracolon.com.ar\/index.php\/wp-json\/wp\/v2\/tags?post=3305"}],"curies":[{"name":"wp","href":"https:\/\/api.w.org\/{rel}","templated":true}]}}