{"id":3293,"date":"2024-08-27T18:18:06","date_gmt":"2024-08-27T21:18:06","guid":{"rendered":"https:\/\/emisoracolon.com.ar\/?p=3293"},"modified":"2024-08-27T18:18:06","modified_gmt":"2024-08-27T21:18:06","slug":"buen-trato-a-ninas-ninos-y-adolescentes","status":"publish","type":"post","link":"https:\/\/emisoracolon.com.ar\/index.php\/2024\/08\/27\/buen-trato-a-ninas-ninos-y-adolescentes\/","title":{"rendered":"Buen trato a ni\u00f1as, ni\u00f1os y adolescentes"},"content":{"rendered":"\n<p>La Secretar\u00eda de Desarrollo de la Comunidad llev\u00f3 a cabo un taller de \u201cBuen Trato a Ni\u00f1os, Ni\u00f1as y Adolescentes\u201d en el recinto que HCD, que estuvo destinado a profesores y personal que trabaja en la Subsecretar\u00eda de Deportes y en el Programa Envi\u00f3n.<\/p>\n\n\n\n<p>Siempre la premisa es prensar en ni\u00f1as, ni\u00f1os y adolescentes m\u00e1s felices, creativos y con mayor posibilidad de llevarse mejor con sus padres, hermanos, abuelos, amigos y todas las personas con las que convivimos.<\/p>\n\n\n\n<p>Fue un espacio vivencial y participativo con la intenci\u00f3n de sensibilizar sobre la tem\u00e1tica a nivel personal, institucional y social, y m\u00e1s a\u00fan en momentos como los actuales donde se discute mucho las expresiones e incluso la violencia habitual en las calles de la ciudad.<\/p>\n","protected":false},"excerpt":{"rendered":"<p>La Secretar\u00eda de Desarrollo de la Comunidad llev\u00f3 a cabo un taller de \u201cBuen Trato a Ni\u00f1os, Ni\u00f1as y Adolescentes\u201d en el recinto que HCD, que estuvo destinado a profesores y personal&#8230;<\/p>\n","protected":false},"author":1,"featured_media":3294,"comment_status":"open","ping_status":"open","sticky":false,"template":"","format":"standard","meta":{"footnotes":""},"categories":[3],"tags":[],"class_list":["post-3293","post","type-post","status-publish","format-standard","has-post-thumbnail","hentry","category-general"],"_links":{"self":[{"href":"https:\/\/emisoracolon.com.ar\/index.php\/wp-json\/wp\/v2\/posts\/3293","targetHints":{"allow":["GET"]}}],"collection":[{"href":"https:\/\/emisoracolon.com.ar\/index.php\/wp-json\/wp\/v2\/posts"}],"about":[{"href":"https:\/\/emisoracolon.com.ar\/index.php\/wp-json\/wp\/v2\/types\/post"}],"author":[{"embeddable":true,"href":"https:\/\/emisoracolon.com.ar\/index.php\/wp-json\/wp\/v2\/users\/1"}],"replies":[{"embeddable":true,"href":"https:\/\/emisoracolon.com.ar\/index.php\/wp-json\/wp\/v2\/comments?post=3293"}],"version-history":[{"count":1,"href":"https:\/\/emisoracolon.com.ar\/index.php\/wp-json\/wp\/v2\/posts\/3293\/revisions"}],"predecessor-version":[{"id":3295,"href":"https:\/\/emisoracolon.com.ar\/index.php\/wp-json\/wp\/v2\/posts\/3293\/revisions\/3295"}],"wp:featuredmedia":[{"embeddable":true,"href":"https:\/\/emisoracolon.com.ar\/index.php\/wp-json\/wp\/v2\/media\/3294"}],"wp:attachment":[{"href":"https:\/\/emisoracolon.com.ar\/index.php\/wp-json\/wp\/v2\/media?parent=3293"}],"wp:term":[{"taxonomy":"category","embeddable":true,"href":"https:\/\/emisoracolon.com.ar\/index.php\/wp-json\/wp\/v2\/categories?post=3293"},{"taxonomy":"post_tag","embeddable":true,"href":"https:\/\/emisoracolon.com.ar\/index.php\/wp-json\/wp\/v2\/tags?post=3293"}],"curies":[{"name":"wp","href":"https:\/\/api.w.org\/{rel}","templated":true}]}}