{"id":3286,"date":"2024-08-27T18:14:33","date_gmt":"2024-08-27T21:14:33","guid":{"rendered":"https:\/\/emisoracolon.com.ar\/?p=3286"},"modified":"2024-08-27T18:14:33","modified_gmt":"2024-08-27T21:14:33","slug":"parlamento-del-mercosur","status":"publish","type":"post","link":"https:\/\/emisoracolon.com.ar\/index.php\/2024\/08\/27\/parlamento-del-mercosur\/","title":{"rendered":"Parlamento del Mercosur"},"content":{"rendered":"\n<p>Nuestra ciudad ser\u00e1 sede de una nueva instancia del Parlamento de J\u00f3venes, Adultos y Adultos Mayores del Mercosur. La etapa distrital se llevar\u00e1 a cabo ma\u00f1ana a partir de las 18:30 en el recinto del Concejo Deliberante. La Direcci\u00f3n de Educaci\u00f3n de J\u00f3venes, Adultos y Adultos Mayores extiende la invitaci\u00f3n. Se destaca la posibilidad que se le brinda a los j\u00f3venes que discutan en la casa de todos, el Concejo Deliberante, temas que interesan y hacen al futuro de la ciudad.<\/p>\n","protected":false},"excerpt":{"rendered":"<p>Nuestra ciudad ser\u00e1 sede de una nueva instancia del Parlamento de J\u00f3venes, Adultos y Adultos Mayores del Mercosur. La etapa distrital se llevar\u00e1 a cabo ma\u00f1ana a partir de las 18:30 en&#8230;<\/p>\n","protected":false},"author":1,"featured_media":3287,"comment_status":"open","ping_status":"open","sticky":false,"template":"","format":"standard","meta":{"footnotes":""},"categories":[7,3],"tags":[],"class_list":["post-3286","post","type-post","status-publish","format-standard","has-post-thumbnail","hentry","category-cultura","category-general"],"_links":{"self":[{"href":"https:\/\/emisoracolon.com.ar\/index.php\/wp-json\/wp\/v2\/posts\/3286","targetHints":{"allow":["GET"]}}],"collection":[{"href":"https:\/\/emisoracolon.com.ar\/index.php\/wp-json\/wp\/v2\/posts"}],"about":[{"href":"https:\/\/emisoracolon.com.ar\/index.php\/wp-json\/wp\/v2\/types\/post"}],"author":[{"embeddable":true,"href":"https:\/\/emisoracolon.com.ar\/index.php\/wp-json\/wp\/v2\/users\/1"}],"replies":[{"embeddable":true,"href":"https:\/\/emisoracolon.com.ar\/index.php\/wp-json\/wp\/v2\/comments?post=3286"}],"version-history":[{"count":1,"href":"https:\/\/emisoracolon.com.ar\/index.php\/wp-json\/wp\/v2\/posts\/3286\/revisions"}],"predecessor-version":[{"id":3288,"href":"https:\/\/emisoracolon.com.ar\/index.php\/wp-json\/wp\/v2\/posts\/3286\/revisions\/3288"}],"wp:featuredmedia":[{"embeddable":true,"href":"https:\/\/emisoracolon.com.ar\/index.php\/wp-json\/wp\/v2\/media\/3287"}],"wp:attachment":[{"href":"https:\/\/emisoracolon.com.ar\/index.php\/wp-json\/wp\/v2\/media?parent=3286"}],"wp:term":[{"taxonomy":"category","embeddable":true,"href":"https:\/\/emisoracolon.com.ar\/index.php\/wp-json\/wp\/v2\/categories?post=3286"},{"taxonomy":"post_tag","embeddable":true,"href":"https:\/\/emisoracolon.com.ar\/index.php\/wp-json\/wp\/v2\/tags?post=3286"}],"curies":[{"name":"wp","href":"https:\/\/api.w.org\/{rel}","templated":true}]}}