{"id":3277,"date":"2024-08-27T18:09:42","date_gmt":"2024-08-27T21:09:42","guid":{"rendered":"https:\/\/emisoracolon.com.ar\/?p=3277"},"modified":"2024-08-27T18:09:42","modified_gmt":"2024-08-27T21:09:42","slug":"preocupacion-por-la-violencia-ejercida-desde-el-estado","status":"publish","type":"post","link":"https:\/\/emisoracolon.com.ar\/index.php\/2024\/08\/27\/preocupacion-por-la-violencia-ejercida-desde-el-estado\/","title":{"rendered":"Preocupaci\u00f3n por la violencia ejercida desde el Estado"},"content":{"rendered":"\n<p>El Concejo Deliberante de Col\u00f3n expres\u00f3 &#8220;su profunda preocupaci\u00f3n&#8221; mediante un proyecto de resoluci\u00f3n, por el procesamiento del ex presidente Alberto Fern\u00e1ndez, acusado de &#8220;violencia de g\u00e9nero en el ejercicio de la funci\u00f3n p\u00fablica&#8221;. La iniciativa, presentada por el bloque Juntos por el Cambio, se\u00f1ala que &#8220;de un ex presidente se deber\u00eda esperar, al menos, ejemplaridad; pero con sus actos contradijo lo que dec\u00eda sostener&#8221;.<\/p>\n\n\n\n<p>El proyecto incluye una exhaustiva enumeraci\u00f3n de los datos sobre violencia de g\u00e9nero a nivel mundial, y en sus considerandos subraya que &#8220;en lugar de debilitar los organismos y pol\u00edticas que protegen a la mujer de todo tipo de violencia y discurso machista, como se pretende hacer hoy en muchos casos, se deben fortalecer. Esta debe ser la verdadera pol\u00edtica del Estado, que trascienda a los gobiernos de turno&#8221;.<\/p>\n","protected":false},"excerpt":{"rendered":"<p>El Concejo Deliberante de Col\u00f3n expres\u00f3 &#8220;su profunda preocupaci\u00f3n&#8221; mediante un proyecto de resoluci\u00f3n, por el procesamiento del ex presidente Alberto Fern\u00e1ndez, acusado de &#8220;violencia de g\u00e9nero en el ejercicio de la&#8230;<\/p>\n","protected":false},"author":1,"featured_media":3278,"comment_status":"open","ping_status":"open","sticky":false,"template":"","format":"standard","meta":{"footnotes":""},"categories":[3],"tags":[],"class_list":["post-3277","post","type-post","status-publish","format-standard","has-post-thumbnail","hentry","category-general"],"_links":{"self":[{"href":"https:\/\/emisoracolon.com.ar\/index.php\/wp-json\/wp\/v2\/posts\/3277","targetHints":{"allow":["GET"]}}],"collection":[{"href":"https:\/\/emisoracolon.com.ar\/index.php\/wp-json\/wp\/v2\/posts"}],"about":[{"href":"https:\/\/emisoracolon.com.ar\/index.php\/wp-json\/wp\/v2\/types\/post"}],"author":[{"embeddable":true,"href":"https:\/\/emisoracolon.com.ar\/index.php\/wp-json\/wp\/v2\/users\/1"}],"replies":[{"embeddable":true,"href":"https:\/\/emisoracolon.com.ar\/index.php\/wp-json\/wp\/v2\/comments?post=3277"}],"version-history":[{"count":1,"href":"https:\/\/emisoracolon.com.ar\/index.php\/wp-json\/wp\/v2\/posts\/3277\/revisions"}],"predecessor-version":[{"id":3279,"href":"https:\/\/emisoracolon.com.ar\/index.php\/wp-json\/wp\/v2\/posts\/3277\/revisions\/3279"}],"wp:featuredmedia":[{"embeddable":true,"href":"https:\/\/emisoracolon.com.ar\/index.php\/wp-json\/wp\/v2\/media\/3278"}],"wp:attachment":[{"href":"https:\/\/emisoracolon.com.ar\/index.php\/wp-json\/wp\/v2\/media?parent=3277"}],"wp:term":[{"taxonomy":"category","embeddable":true,"href":"https:\/\/emisoracolon.com.ar\/index.php\/wp-json\/wp\/v2\/categories?post=3277"},{"taxonomy":"post_tag","embeddable":true,"href":"https:\/\/emisoracolon.com.ar\/index.php\/wp-json\/wp\/v2\/tags?post=3277"}],"curies":[{"name":"wp","href":"https:\/\/api.w.org\/{rel}","templated":true}]}}