{"id":3252,"date":"2024-08-26T16:54:19","date_gmt":"2024-08-26T19:54:19","guid":{"rendered":"https:\/\/emisoracolon.com.ar\/?p=3252"},"modified":"2024-08-26T16:54:19","modified_gmt":"2024-08-26T19:54:19","slug":"asamblea-de-bomberos-voluntarios","status":"publish","type":"post","link":"https:\/\/emisoracolon.com.ar\/index.php\/2024\/08\/26\/asamblea-de-bomberos-voluntarios\/","title":{"rendered":"Asamblea de Bomberos Voluntarios"},"content":{"rendered":"\n<p>La Sociedad de Bomberos Voluntarios convoca a Asamblea General Ordinaria el 26 de septiembre a las 21:30 hs en la sede de la instituci\u00f3n. En el orden del d\u00eda se incluir\u00e1n la aprobaci\u00f3n de la Memoria, el Balance, el estado del Pasivo y el Activo, as\u00ed como la elecci\u00f3n de autoridades, incluyendo un vicepresidente, prosecretario, protesorero, cuatro vocales titulares y tres suplentes, y dos revisores de cuentas. Al final de la asamblea, se elegir\u00e1n dos representantes entre los presentes para firmar el acta.<\/p>\n","protected":false},"excerpt":{"rendered":"<p>La Sociedad de Bomberos Voluntarios convoca a Asamblea General Ordinaria el 26 de septiembre a las 21:30 hs en la sede de la instituci\u00f3n. En el orden del d\u00eda se incluir\u00e1n la&#8230;<\/p>\n","protected":false},"author":1,"featured_media":2490,"comment_status":"open","ping_status":"open","sticky":false,"template":"","format":"standard","meta":{"footnotes":""},"categories":[3],"tags":[],"class_list":["post-3252","post","type-post","status-publish","format-standard","has-post-thumbnail","hentry","category-general"],"_links":{"self":[{"href":"https:\/\/emisoracolon.com.ar\/index.php\/wp-json\/wp\/v2\/posts\/3252","targetHints":{"allow":["GET"]}}],"collection":[{"href":"https:\/\/emisoracolon.com.ar\/index.php\/wp-json\/wp\/v2\/posts"}],"about":[{"href":"https:\/\/emisoracolon.com.ar\/index.php\/wp-json\/wp\/v2\/types\/post"}],"author":[{"embeddable":true,"href":"https:\/\/emisoracolon.com.ar\/index.php\/wp-json\/wp\/v2\/users\/1"}],"replies":[{"embeddable":true,"href":"https:\/\/emisoracolon.com.ar\/index.php\/wp-json\/wp\/v2\/comments?post=3252"}],"version-history":[{"count":1,"href":"https:\/\/emisoracolon.com.ar\/index.php\/wp-json\/wp\/v2\/posts\/3252\/revisions"}],"predecessor-version":[{"id":3253,"href":"https:\/\/emisoracolon.com.ar\/index.php\/wp-json\/wp\/v2\/posts\/3252\/revisions\/3253"}],"wp:featuredmedia":[{"embeddable":true,"href":"https:\/\/emisoracolon.com.ar\/index.php\/wp-json\/wp\/v2\/media\/2490"}],"wp:attachment":[{"href":"https:\/\/emisoracolon.com.ar\/index.php\/wp-json\/wp\/v2\/media?parent=3252"}],"wp:term":[{"taxonomy":"category","embeddable":true,"href":"https:\/\/emisoracolon.com.ar\/index.php\/wp-json\/wp\/v2\/categories?post=3252"},{"taxonomy":"post_tag","embeddable":true,"href":"https:\/\/emisoracolon.com.ar\/index.php\/wp-json\/wp\/v2\/tags?post=3252"}],"curies":[{"name":"wp","href":"https:\/\/api.w.org\/{rel}","templated":true}]}}