{"id":3246,"date":"2024-08-26T16:32:35","date_gmt":"2024-08-26T19:32:35","guid":{"rendered":"https:\/\/emisoracolon.com.ar\/?p=3246"},"modified":"2024-08-26T16:32:35","modified_gmt":"2024-08-26T19:32:35","slug":"camino-al-sol-obtiene-personeria-juridica","status":"publish","type":"post","link":"https:\/\/emisoracolon.com.ar\/index.php\/2024\/08\/26\/camino-al-sol-obtiene-personeria-juridica\/","title":{"rendered":"Camino al Sol obtiene personer\u00eda jur\u00eddica"},"content":{"rendered":"\n<p>La asociaci\u00f3n Camino al Sol ha obtenido personer\u00eda jur\u00eddica, un hito que facilitar\u00e1 la gesti\u00f3n legal y formal de recursos que apoyen los ingresos de la instituci\u00f3n. La documentaci\u00f3n fue entregada por el intendente Waldemar Giordano y la diputada Fernanda D\u00edaz, quien ha colaborado con varias instituciones locales en este aspecto. Adem\u00e1s, la Provincia de Buenos Aires ya se ha hecho cargo de la mayor\u00eda de los cargos docentes, que antes eran solventados por la propia instituci\u00f3n.<\/p>\n","protected":false},"excerpt":{"rendered":"<p>La asociaci\u00f3n Camino al Sol ha obtenido personer\u00eda jur\u00eddica, un hito que facilitar\u00e1 la gesti\u00f3n legal y formal de recursos que apoyen los ingresos de la instituci\u00f3n. La documentaci\u00f3n fue entregada por&#8230;<\/p>\n","protected":false},"author":1,"featured_media":3247,"comment_status":"open","ping_status":"open","sticky":false,"template":"","format":"standard","meta":{"footnotes":""},"categories":[3],"tags":[],"class_list":["post-3246","post","type-post","status-publish","format-standard","has-post-thumbnail","hentry","category-general"],"_links":{"self":[{"href":"https:\/\/emisoracolon.com.ar\/index.php\/wp-json\/wp\/v2\/posts\/3246","targetHints":{"allow":["GET"]}}],"collection":[{"href":"https:\/\/emisoracolon.com.ar\/index.php\/wp-json\/wp\/v2\/posts"}],"about":[{"href":"https:\/\/emisoracolon.com.ar\/index.php\/wp-json\/wp\/v2\/types\/post"}],"author":[{"embeddable":true,"href":"https:\/\/emisoracolon.com.ar\/index.php\/wp-json\/wp\/v2\/users\/1"}],"replies":[{"embeddable":true,"href":"https:\/\/emisoracolon.com.ar\/index.php\/wp-json\/wp\/v2\/comments?post=3246"}],"version-history":[{"count":1,"href":"https:\/\/emisoracolon.com.ar\/index.php\/wp-json\/wp\/v2\/posts\/3246\/revisions"}],"predecessor-version":[{"id":3248,"href":"https:\/\/emisoracolon.com.ar\/index.php\/wp-json\/wp\/v2\/posts\/3246\/revisions\/3248"}],"wp:featuredmedia":[{"embeddable":true,"href":"https:\/\/emisoracolon.com.ar\/index.php\/wp-json\/wp\/v2\/media\/3247"}],"wp:attachment":[{"href":"https:\/\/emisoracolon.com.ar\/index.php\/wp-json\/wp\/v2\/media?parent=3246"}],"wp:term":[{"taxonomy":"category","embeddable":true,"href":"https:\/\/emisoracolon.com.ar\/index.php\/wp-json\/wp\/v2\/categories?post=3246"},{"taxonomy":"post_tag","embeddable":true,"href":"https:\/\/emisoracolon.com.ar\/index.php\/wp-json\/wp\/v2\/tags?post=3246"}],"curies":[{"name":"wp","href":"https:\/\/api.w.org\/{rel}","templated":true}]}}