{"id":3235,"date":"2024-08-26T16:25:56","date_gmt":"2024-08-26T19:25:56","guid":{"rendered":"https:\/\/emisoracolon.com.ar\/?p=3235"},"modified":"2024-08-26T16:25:56","modified_gmt":"2024-08-26T19:25:56","slug":"ortega-y-quaglia-en-la-final-del-mundial-de-tango","status":"publish","type":"post","link":"https:\/\/emisoracolon.com.ar\/index.php\/2024\/08\/26\/ortega-y-quaglia-en-la-final-del-mundial-de-tango\/","title":{"rendered":"Ortega y Quaglia en la final del Mundial de Tango"},"content":{"rendered":"\n<p>Los colonenses Diego Ortega y Alejandro Quaglia competir\u00e1n en la final del Mundial de Tango en Buenos Aires. Despu\u00e9s de superar las etapas clasificatorias en las sedes de Usina de Arte, Teatro Col\u00f3n, Centro Cultural 25 de Mayo, Cine Teatro El Plata, Centro Cultural San Mart\u00edn y Centro Cultural Recoleta, Ortega, junto a su compa\u00f1era Aldana Silveyra (de Monte Grande), y Quaglia, junto a Luc\u00eda Barrios, han llegado a la final de Tango Pista, que se disputar\u00e1 ma\u00f1ana. En esta instancia decisiva, participar\u00e1n 40 parejas en la categor\u00eda Tango Pista y 20 en Tango Escenario. En esta \u00faltima categor\u00eda, no hay finalistas locales. En las etapas anteriores tambi\u00e9n participaron Gonzalo Pratti y Evang\u00e9lica Ostoich, Gabriel P\u00e9rez, Leandro Vilche, Luis Capeletti y Rosario G\u00f3mez. La final se llevar\u00e1 a cabo en el Movistar Arena y ser\u00e1 transmitida por la TV P\u00fablica. Como en ediciones anteriores, hubo representaci\u00f3n de 53 pa\u00edses.<\/p>\n","protected":false},"excerpt":{"rendered":"<p>Los colonenses Diego Ortega y Alejandro Quaglia competir\u00e1n en la final del Mundial de Tango en Buenos Aires. Despu\u00e9s de superar las etapas clasificatorias en las sedes de Usina de Arte, Teatro&#8230;<\/p>\n","protected":false},"author":1,"featured_media":3236,"comment_status":"open","ping_status":"open","sticky":false,"template":"","format":"standard","meta":{"footnotes":""},"categories":[7,3],"tags":[],"class_list":["post-3235","post","type-post","status-publish","format-standard","has-post-thumbnail","hentry","category-cultura","category-general"],"_links":{"self":[{"href":"https:\/\/emisoracolon.com.ar\/index.php\/wp-json\/wp\/v2\/posts\/3235","targetHints":{"allow":["GET"]}}],"collection":[{"href":"https:\/\/emisoracolon.com.ar\/index.php\/wp-json\/wp\/v2\/posts"}],"about":[{"href":"https:\/\/emisoracolon.com.ar\/index.php\/wp-json\/wp\/v2\/types\/post"}],"author":[{"embeddable":true,"href":"https:\/\/emisoracolon.com.ar\/index.php\/wp-json\/wp\/v2\/users\/1"}],"replies":[{"embeddable":true,"href":"https:\/\/emisoracolon.com.ar\/index.php\/wp-json\/wp\/v2\/comments?post=3235"}],"version-history":[{"count":1,"href":"https:\/\/emisoracolon.com.ar\/index.php\/wp-json\/wp\/v2\/posts\/3235\/revisions"}],"predecessor-version":[{"id":3237,"href":"https:\/\/emisoracolon.com.ar\/index.php\/wp-json\/wp\/v2\/posts\/3235\/revisions\/3237"}],"wp:featuredmedia":[{"embeddable":true,"href":"https:\/\/emisoracolon.com.ar\/index.php\/wp-json\/wp\/v2\/media\/3236"}],"wp:attachment":[{"href":"https:\/\/emisoracolon.com.ar\/index.php\/wp-json\/wp\/v2\/media?parent=3235"}],"wp:term":[{"taxonomy":"category","embeddable":true,"href":"https:\/\/emisoracolon.com.ar\/index.php\/wp-json\/wp\/v2\/categories?post=3235"},{"taxonomy":"post_tag","embeddable":true,"href":"https:\/\/emisoracolon.com.ar\/index.php\/wp-json\/wp\/v2\/tags?post=3235"}],"curies":[{"name":"wp","href":"https:\/\/api.w.org\/{rel}","templated":true}]}}