{"id":3226,"date":"2024-08-23T16:49:28","date_gmt":"2024-08-23T19:49:28","guid":{"rendered":"https:\/\/emisoracolon.com.ar\/?p=3226"},"modified":"2024-08-23T16:49:28","modified_gmt":"2024-08-23T19:49:28","slug":"esta-noche-teatro","status":"publish","type":"post","link":"https:\/\/emisoracolon.com.ar\/index.php\/2024\/08\/23\/esta-noche-teatro\/","title":{"rendered":"Esta noche teatro"},"content":{"rendered":"\n<p>Desde la Sala Teatral Carlos Laplacette confirman que este viernes desde las 21:30 se ofrecer\u00e1 por segunda vez la obra teatral Criminal.<\/p>\n\n\n\n<p>La propuesta del Grupo Teatral Los Dispersos surge tras la pregunta \u00bfQu\u00e9 har\u00edas si un d\u00eda cualquier cosa pudiera suceder, incluso un crimen?<\/p>\n\n\n\n<p>En esta obra, un matrimonio enfrenta sus sombras en terapia, mientras un psic\u00f3logo recibe una inquietante visita: \u00bfpodr\u00e1 evitar una tragedia?<\/p>\n\n\n\n<p>Se trata de una historia donde los secretos y la tensi\u00f3n se entrelazan, generando emociones y nerviosismo en los asistentes<\/p>\n\n\n\n<p>el texto es de Javier Daulte y act\u00faan: Lu Monsalves &#8211; Joaqu\u00edn \u00c1lvarez &#8211; David Oviedo &#8211; Emiliano Aguirre<\/p>\n\n\n\n<p>bajo la direcci\u00f3n: Emiliano Aguirre<\/p>\n\n\n\n<p>Recomendada para mayores de 13 a\u00f1os<\/p>\n","protected":false},"excerpt":{"rendered":"<p>Desde la Sala Teatral Carlos Laplacette confirman que este viernes desde las 21:30 se ofrecer\u00e1 por segunda vez la obra teatral Criminal. La propuesta del Grupo Teatral Los Dispersos surge tras la&#8230;<\/p>\n","protected":false},"author":1,"featured_media":3227,"comment_status":"open","ping_status":"open","sticky":false,"template":"","format":"standard","meta":{"footnotes":""},"categories":[7,3],"tags":[],"class_list":["post-3226","post","type-post","status-publish","format-standard","has-post-thumbnail","hentry","category-cultura","category-general"],"_links":{"self":[{"href":"https:\/\/emisoracolon.com.ar\/index.php\/wp-json\/wp\/v2\/posts\/3226","targetHints":{"allow":["GET"]}}],"collection":[{"href":"https:\/\/emisoracolon.com.ar\/index.php\/wp-json\/wp\/v2\/posts"}],"about":[{"href":"https:\/\/emisoracolon.com.ar\/index.php\/wp-json\/wp\/v2\/types\/post"}],"author":[{"embeddable":true,"href":"https:\/\/emisoracolon.com.ar\/index.php\/wp-json\/wp\/v2\/users\/1"}],"replies":[{"embeddable":true,"href":"https:\/\/emisoracolon.com.ar\/index.php\/wp-json\/wp\/v2\/comments?post=3226"}],"version-history":[{"count":1,"href":"https:\/\/emisoracolon.com.ar\/index.php\/wp-json\/wp\/v2\/posts\/3226\/revisions"}],"predecessor-version":[{"id":3228,"href":"https:\/\/emisoracolon.com.ar\/index.php\/wp-json\/wp\/v2\/posts\/3226\/revisions\/3228"}],"wp:featuredmedia":[{"embeddable":true,"href":"https:\/\/emisoracolon.com.ar\/index.php\/wp-json\/wp\/v2\/media\/3227"}],"wp:attachment":[{"href":"https:\/\/emisoracolon.com.ar\/index.php\/wp-json\/wp\/v2\/media?parent=3226"}],"wp:term":[{"taxonomy":"category","embeddable":true,"href":"https:\/\/emisoracolon.com.ar\/index.php\/wp-json\/wp\/v2\/categories?post=3226"},{"taxonomy":"post_tag","embeddable":true,"href":"https:\/\/emisoracolon.com.ar\/index.php\/wp-json\/wp\/v2\/tags?post=3226"}],"curies":[{"name":"wp","href":"https:\/\/api.w.org\/{rel}","templated":true}]}}