{"id":3188,"date":"2024-08-21T18:18:31","date_gmt":"2024-08-21T21:18:31","guid":{"rendered":"https:\/\/emisoracolon.com.ar\/?p=3188"},"modified":"2024-08-21T18:18:31","modified_gmt":"2024-08-21T21:18:31","slug":"charla-sobre-cannabis","status":"publish","type":"post","link":"https:\/\/emisoracolon.com.ar\/index.php\/2024\/08\/21\/charla-sobre-cannabis\/","title":{"rendered":"Charla sobre cannabis"},"content":{"rendered":"\n<p>El viernes 23 de agosto a las 18:30 en la Secretar\u00eda de Salud (21 e\/ 47 y 48) se realizar\u00e1 una charla sobre cannabis terap\u00e9utico a cargo de la Dra. Florencia Ferrari, psiquiatra especializada en la tem\u00e1tica del Hospital San Jos\u00e9 de Pergamino.<\/p>\n\n\n\n<p>Los temas a abordar son los siguientes: Usos medicinales, Marco legal actual y La experiencia en salud publica en la regi\u00f3n<\/p>\n","protected":false},"excerpt":{"rendered":"<p>El viernes 23 de agosto a las 18:30 en la Secretar\u00eda de Salud (21 e\/ 47 y 48) se realizar\u00e1 una charla sobre cannabis terap\u00e9utico a cargo de la Dra. Florencia Ferrari,&#8230;<\/p>\n","protected":false},"author":1,"featured_media":3189,"comment_status":"open","ping_status":"open","sticky":false,"template":"","format":"standard","meta":{"footnotes":""},"categories":[7,3],"tags":[],"class_list":["post-3188","post","type-post","status-publish","format-standard","has-post-thumbnail","hentry","category-cultura","category-general"],"_links":{"self":[{"href":"https:\/\/emisoracolon.com.ar\/index.php\/wp-json\/wp\/v2\/posts\/3188","targetHints":{"allow":["GET"]}}],"collection":[{"href":"https:\/\/emisoracolon.com.ar\/index.php\/wp-json\/wp\/v2\/posts"}],"about":[{"href":"https:\/\/emisoracolon.com.ar\/index.php\/wp-json\/wp\/v2\/types\/post"}],"author":[{"embeddable":true,"href":"https:\/\/emisoracolon.com.ar\/index.php\/wp-json\/wp\/v2\/users\/1"}],"replies":[{"embeddable":true,"href":"https:\/\/emisoracolon.com.ar\/index.php\/wp-json\/wp\/v2\/comments?post=3188"}],"version-history":[{"count":1,"href":"https:\/\/emisoracolon.com.ar\/index.php\/wp-json\/wp\/v2\/posts\/3188\/revisions"}],"predecessor-version":[{"id":3190,"href":"https:\/\/emisoracolon.com.ar\/index.php\/wp-json\/wp\/v2\/posts\/3188\/revisions\/3190"}],"wp:featuredmedia":[{"embeddable":true,"href":"https:\/\/emisoracolon.com.ar\/index.php\/wp-json\/wp\/v2\/media\/3189"}],"wp:attachment":[{"href":"https:\/\/emisoracolon.com.ar\/index.php\/wp-json\/wp\/v2\/media?parent=3188"}],"wp:term":[{"taxonomy":"category","embeddable":true,"href":"https:\/\/emisoracolon.com.ar\/index.php\/wp-json\/wp\/v2\/categories?post=3188"},{"taxonomy":"post_tag","embeddable":true,"href":"https:\/\/emisoracolon.com.ar\/index.php\/wp-json\/wp\/v2\/tags?post=3188"}],"curies":[{"name":"wp","href":"https:\/\/api.w.org\/{rel}","templated":true}]}}