{"id":3160,"date":"2024-08-19T18:12:02","date_gmt":"2024-08-19T21:12:02","guid":{"rendered":"https:\/\/emisoracolon.com.ar\/?p=3160"},"modified":"2024-08-19T18:12:02","modified_gmt":"2024-08-19T21:12:02","slug":"presentaron-libros","status":"publish","type":"post","link":"https:\/\/emisoracolon.com.ar\/index.php\/2024\/08\/19\/presentaron-libros\/","title":{"rendered":"Presentaron libros"},"content":{"rendered":"\n<p>El psic\u00f3logo y psicoan\u00e1lista Luciano Rodr\u00edguez Costa estuvo en Col\u00f3n presentando sus libros &#8220;La violencia en los m\u00e1rgenes del psicoan\u00e1lisis&#8221; y &#8220;Los procesos de subjetivaci\u00f3n en psicoan\u00e1lisis&#8221;.<\/p>\n\n\n\n<p>Lo hizo en la Direcci\u00f3n de Salud, en 21 entre 47 y 48, con un buen marco de concurrencia, se creo un encuentro de intercambio a partir de lo propuesto por el autor, que nos permite seguir pensando en contextos actuales.<\/p>\n","protected":false},"excerpt":{"rendered":"<p>El psic\u00f3logo y psicoan\u00e1lista Luciano Rodr\u00edguez Costa estuvo en Col\u00f3n presentando sus libros &#8220;La violencia en los m\u00e1rgenes del psicoan\u00e1lisis&#8221; y &#8220;Los procesos de subjetivaci\u00f3n en psicoan\u00e1lisis&#8221;. Lo hizo en la Direcci\u00f3n&#8230;<\/p>\n","protected":false},"author":1,"featured_media":3161,"comment_status":"open","ping_status":"open","sticky":false,"template":"","format":"standard","meta":{"footnotes":""},"categories":[7,3],"tags":[],"class_list":["post-3160","post","type-post","status-publish","format-standard","has-post-thumbnail","hentry","category-cultura","category-general"],"_links":{"self":[{"href":"https:\/\/emisoracolon.com.ar\/index.php\/wp-json\/wp\/v2\/posts\/3160","targetHints":{"allow":["GET"]}}],"collection":[{"href":"https:\/\/emisoracolon.com.ar\/index.php\/wp-json\/wp\/v2\/posts"}],"about":[{"href":"https:\/\/emisoracolon.com.ar\/index.php\/wp-json\/wp\/v2\/types\/post"}],"author":[{"embeddable":true,"href":"https:\/\/emisoracolon.com.ar\/index.php\/wp-json\/wp\/v2\/users\/1"}],"replies":[{"embeddable":true,"href":"https:\/\/emisoracolon.com.ar\/index.php\/wp-json\/wp\/v2\/comments?post=3160"}],"version-history":[{"count":1,"href":"https:\/\/emisoracolon.com.ar\/index.php\/wp-json\/wp\/v2\/posts\/3160\/revisions"}],"predecessor-version":[{"id":3162,"href":"https:\/\/emisoracolon.com.ar\/index.php\/wp-json\/wp\/v2\/posts\/3160\/revisions\/3162"}],"wp:featuredmedia":[{"embeddable":true,"href":"https:\/\/emisoracolon.com.ar\/index.php\/wp-json\/wp\/v2\/media\/3161"}],"wp:attachment":[{"href":"https:\/\/emisoracolon.com.ar\/index.php\/wp-json\/wp\/v2\/media?parent=3160"}],"wp:term":[{"taxonomy":"category","embeddable":true,"href":"https:\/\/emisoracolon.com.ar\/index.php\/wp-json\/wp\/v2\/categories?post=3160"},{"taxonomy":"post_tag","embeddable":true,"href":"https:\/\/emisoracolon.com.ar\/index.php\/wp-json\/wp\/v2\/tags?post=3160"}],"curies":[{"name":"wp","href":"https:\/\/api.w.org\/{rel}","templated":true}]}}