{"id":3151,"date":"2024-08-16T18:09:56","date_gmt":"2024-08-16T21:09:56","guid":{"rendered":"https:\/\/emisoracolon.com.ar\/?p=3151"},"modified":"2024-08-16T18:09:56","modified_gmt":"2024-08-16T21:09:56","slug":"16-08-24-presentan-libros","status":"publish","type":"post","link":"https:\/\/emisoracolon.com.ar\/index.php\/2024\/08\/16\/16-08-24-presentan-libros\/","title":{"rendered":"16\/08\/24 \u2013 Presentan libros"},"content":{"rendered":"\n<p>Hoy viernes a las 18:00 se presentar\u00e1n los libros La violencia en los m\u00e1rgenes del psicoan\u00e1lisis y Los procesos de subjetivaci\u00f3n en psicoan\u00e1lisis, del autor Luciano Rodr\u00edguez Costa, psic\u00f3logo, psicoanalista y mag\u00edster en salud mental<\/p>\n\n\n\n<p>El encuentro ser\u00e1 en la Secretar\u00eda de Salud, en calle 21 entre 47 y 48 y con el autor estar\u00e1n el secretario de Salud, Leandro Mendoza, y adem\u00e1s del psicologo lo har\u00e1 Marcela Mendoza, directora de Salud Mental de la Regi\u00f3n Sanitaria IV a la que pertenece Col\u00f3n.<\/p>\n","protected":false},"excerpt":{"rendered":"<p>Hoy viernes a las 18:00 se presentar\u00e1n los libros La violencia en los m\u00e1rgenes del psicoan\u00e1lisis y Los procesos de subjetivaci\u00f3n en psicoan\u00e1lisis, del autor Luciano Rodr\u00edguez Costa, psic\u00f3logo, psicoanalista y mag\u00edster&#8230;<\/p>\n","protected":false},"author":1,"featured_media":3152,"comment_status":"open","ping_status":"open","sticky":false,"template":"","format":"standard","meta":{"footnotes":""},"categories":[7,3],"tags":[],"class_list":["post-3151","post","type-post","status-publish","format-standard","has-post-thumbnail","hentry","category-cultura","category-general"],"_links":{"self":[{"href":"https:\/\/emisoracolon.com.ar\/index.php\/wp-json\/wp\/v2\/posts\/3151","targetHints":{"allow":["GET"]}}],"collection":[{"href":"https:\/\/emisoracolon.com.ar\/index.php\/wp-json\/wp\/v2\/posts"}],"about":[{"href":"https:\/\/emisoracolon.com.ar\/index.php\/wp-json\/wp\/v2\/types\/post"}],"author":[{"embeddable":true,"href":"https:\/\/emisoracolon.com.ar\/index.php\/wp-json\/wp\/v2\/users\/1"}],"replies":[{"embeddable":true,"href":"https:\/\/emisoracolon.com.ar\/index.php\/wp-json\/wp\/v2\/comments?post=3151"}],"version-history":[{"count":1,"href":"https:\/\/emisoracolon.com.ar\/index.php\/wp-json\/wp\/v2\/posts\/3151\/revisions"}],"predecessor-version":[{"id":3153,"href":"https:\/\/emisoracolon.com.ar\/index.php\/wp-json\/wp\/v2\/posts\/3151\/revisions\/3153"}],"wp:featuredmedia":[{"embeddable":true,"href":"https:\/\/emisoracolon.com.ar\/index.php\/wp-json\/wp\/v2\/media\/3152"}],"wp:attachment":[{"href":"https:\/\/emisoracolon.com.ar\/index.php\/wp-json\/wp\/v2\/media?parent=3151"}],"wp:term":[{"taxonomy":"category","embeddable":true,"href":"https:\/\/emisoracolon.com.ar\/index.php\/wp-json\/wp\/v2\/categories?post=3151"},{"taxonomy":"post_tag","embeddable":true,"href":"https:\/\/emisoracolon.com.ar\/index.php\/wp-json\/wp\/v2\/tags?post=3151"}],"curies":[{"name":"wp","href":"https:\/\/api.w.org\/{rel}","templated":true}]}}