{"id":3067,"date":"2024-08-12T17:52:31","date_gmt":"2024-08-12T20:52:31","guid":{"rendered":"https:\/\/emisoracolon.com.ar\/?p=3067"},"modified":"2024-08-12T17:52:31","modified_gmt":"2024-08-12T20:52:31","slug":"preparan-el-dia-de-las-infancias","status":"publish","type":"post","link":"https:\/\/emisoracolon.com.ar\/index.php\/2024\/08\/12\/preparan-el-dia-de-las-infancias\/","title":{"rendered":"Preparan el D\u00eda de las Infancias"},"content":{"rendered":"\n<p>A medida que se acerca la conmemoraci\u00f3n del D\u00eda de las Infancias sigue la preparaci\u00f3n de los festejos. En las \u00faltimas horas, y tal como estaba previsto se conocieron los nombres de los a\u00f1os y las escuelas ganadoras del concurso destinado a dotar de una bandera al barco pirata que se encuentran en Pibelandia.<\/p>\n\n\n\n<p>El jurado determin\u00f3 primer puesto para 2a de la Escuela Primaria 3, el segundo premio fue para 1o y 2o ciclo de la Escuela Primaria 5 y tercero qued\u00f3 el trabajo presentando por la Escuela 501.<\/p>\n\n\n\n<p>Paralelamente con lo se\u00f1alado el Municipio vino trabajando en la puesta en condiciones de todos los juegos y, adem\u00e1s, se anunci\u00f3 la inauguraci\u00f3n de uno nuevo.<\/p>\n","protected":false},"excerpt":{"rendered":"<p>A medida que se acerca la conmemoraci\u00f3n del D\u00eda de las Infancias sigue la preparaci\u00f3n de los festejos. En las \u00faltimas horas, y tal como estaba previsto se conocieron los nombres de&#8230;<\/p>\n","protected":false},"author":1,"featured_media":2761,"comment_status":"open","ping_status":"open","sticky":false,"template":"","format":"standard","meta":{"footnotes":""},"categories":[7,3],"tags":[],"class_list":["post-3067","post","type-post","status-publish","format-standard","has-post-thumbnail","hentry","category-cultura","category-general"],"_links":{"self":[{"href":"https:\/\/emisoracolon.com.ar\/index.php\/wp-json\/wp\/v2\/posts\/3067","targetHints":{"allow":["GET"]}}],"collection":[{"href":"https:\/\/emisoracolon.com.ar\/index.php\/wp-json\/wp\/v2\/posts"}],"about":[{"href":"https:\/\/emisoracolon.com.ar\/index.php\/wp-json\/wp\/v2\/types\/post"}],"author":[{"embeddable":true,"href":"https:\/\/emisoracolon.com.ar\/index.php\/wp-json\/wp\/v2\/users\/1"}],"replies":[{"embeddable":true,"href":"https:\/\/emisoracolon.com.ar\/index.php\/wp-json\/wp\/v2\/comments?post=3067"}],"version-history":[{"count":1,"href":"https:\/\/emisoracolon.com.ar\/index.php\/wp-json\/wp\/v2\/posts\/3067\/revisions"}],"predecessor-version":[{"id":3068,"href":"https:\/\/emisoracolon.com.ar\/index.php\/wp-json\/wp\/v2\/posts\/3067\/revisions\/3068"}],"wp:featuredmedia":[{"embeddable":true,"href":"https:\/\/emisoracolon.com.ar\/index.php\/wp-json\/wp\/v2\/media\/2761"}],"wp:attachment":[{"href":"https:\/\/emisoracolon.com.ar\/index.php\/wp-json\/wp\/v2\/media?parent=3067"}],"wp:term":[{"taxonomy":"category","embeddable":true,"href":"https:\/\/emisoracolon.com.ar\/index.php\/wp-json\/wp\/v2\/categories?post=3067"},{"taxonomy":"post_tag","embeddable":true,"href":"https:\/\/emisoracolon.com.ar\/index.php\/wp-json\/wp\/v2\/tags?post=3067"}],"curies":[{"name":"wp","href":"https:\/\/api.w.org\/{rel}","templated":true}]}}