{"id":3049,"date":"2024-08-12T16:48:59","date_gmt":"2024-08-12T19:48:59","guid":{"rendered":"https:\/\/emisoracolon.com.ar\/?p=3049"},"modified":"2024-08-12T16:48:59","modified_gmt":"2024-08-12T19:48:59","slug":"mayores-con-derechos-2","status":"publish","type":"post","link":"https:\/\/emisoracolon.com.ar\/index.php\/2024\/08\/12\/mayores-con-derechos-2\/","title":{"rendered":"Mayores con derechos"},"content":{"rendered":"\n<p><strong>El mi\u00e9rcoles 14 de agosto a las 10:00 en el Polo Educativo se realizar\u00e1 la presentaci\u00f3n de la 3ra edici\u00f3n dsel certamen \u201cMayores con Derechos\u201d.<\/strong><\/p>\n\n\n\n<p><strong>Se trata de una propuesta impulsada por tercer a\u00f1o consecutivo desde la Subsecretar\u00eda de Derechos Humanos de PBA, con el objetivo de propiciar espacios de encuentro y reflexi\u00f3n para personas adultas mayores de nuestro distrito.<\/strong><\/p>\n\n\n\n<p><strong><\/strong><strong>Este a\u00f1o se trabajar\u00e1 con el eje tem\u00e1tico &#8220;Derechos con Historia&#8221;. Es una invitaci\u00f3n a construir memoria entre todos y todas, para que podamos revisitar y recomponer nuestra historia pasada y m\u00e1s reciente acerca de luchas y conquistas que hoy tenemos y debemos seguir defendiendo. Tambi\u00e9n es una invitaci\u00f3n a discutir sobre aquello en lo que se ha retrocedido y en lo que nos falta conquistar.<\/strong><\/p>\n\n\n\n<p><strong><\/strong><strong>El objetivo principal es que se presenten obras art\u00edsticas que, de un modo respetuoso y democr\u00e1tico, reflejen sentires en torno a los derechos en nuestro pa\u00eds o en la provincia.<\/strong><\/p>\n","protected":false},"excerpt":{"rendered":"<p>El mi\u00e9rcoles 14 de agosto a las 10:00 en el Polo Educativo se realizar\u00e1 la presentaci\u00f3n de la 3ra edici\u00f3n dsel certamen \u201cMayores con Derechos\u201d. Se trata de una propuesta impulsada por&#8230;<\/p>\n","protected":false},"author":1,"featured_media":3050,"comment_status":"open","ping_status":"open","sticky":false,"template":"","format":"standard","meta":{"footnotes":""},"categories":[7,3],"tags":[],"class_list":["post-3049","post","type-post","status-publish","format-standard","has-post-thumbnail","hentry","category-cultura","category-general"],"_links":{"self":[{"href":"https:\/\/emisoracolon.com.ar\/index.php\/wp-json\/wp\/v2\/posts\/3049","targetHints":{"allow":["GET"]}}],"collection":[{"href":"https:\/\/emisoracolon.com.ar\/index.php\/wp-json\/wp\/v2\/posts"}],"about":[{"href":"https:\/\/emisoracolon.com.ar\/index.php\/wp-json\/wp\/v2\/types\/post"}],"author":[{"embeddable":true,"href":"https:\/\/emisoracolon.com.ar\/index.php\/wp-json\/wp\/v2\/users\/1"}],"replies":[{"embeddable":true,"href":"https:\/\/emisoracolon.com.ar\/index.php\/wp-json\/wp\/v2\/comments?post=3049"}],"version-history":[{"count":1,"href":"https:\/\/emisoracolon.com.ar\/index.php\/wp-json\/wp\/v2\/posts\/3049\/revisions"}],"predecessor-version":[{"id":3051,"href":"https:\/\/emisoracolon.com.ar\/index.php\/wp-json\/wp\/v2\/posts\/3049\/revisions\/3051"}],"wp:featuredmedia":[{"embeddable":true,"href":"https:\/\/emisoracolon.com.ar\/index.php\/wp-json\/wp\/v2\/media\/3050"}],"wp:attachment":[{"href":"https:\/\/emisoracolon.com.ar\/index.php\/wp-json\/wp\/v2\/media?parent=3049"}],"wp:term":[{"taxonomy":"category","embeddable":true,"href":"https:\/\/emisoracolon.com.ar\/index.php\/wp-json\/wp\/v2\/categories?post=3049"},{"taxonomy":"post_tag","embeddable":true,"href":"https:\/\/emisoracolon.com.ar\/index.php\/wp-json\/wp\/v2\/tags?post=3049"}],"curies":[{"name":"wp","href":"https:\/\/api.w.org\/{rel}","templated":true}]}}