{"id":3044,"date":"2024-08-12T16:46:16","date_gmt":"2024-08-12T19:46:16","guid":{"rendered":"https:\/\/emisoracolon.com.ar\/?p=3044"},"modified":"2024-08-12T16:46:16","modified_gmt":"2024-08-12T19:46:16","slug":"mes-de-la-infancia","status":"publish","type":"post","link":"https:\/\/emisoracolon.com.ar\/index.php\/2024\/08\/12\/mes-de-la-infancia\/","title":{"rendered":"Mes de la infancia"},"content":{"rendered":"\n<p><strong>El s\u00e1bado en El Arbolito y ayer con una bicicleteada y una barrileteada siguen los festejos por el mes de la infancia, tal como lo denomina la Municipalidad. s<\/strong><\/p>\n\n\n\n<p><strong>Ayer domingo aprovechando una hermosa jornada de sol muchos salieron desde el punto de encuentro, Pibelandia, hasta el Polo Cultural donde remontaron barriletes y disfrutaron de algunos juegos con sus familiares.<\/strong><\/p>\n\n\n\n<p><strong><\/strong><strong>El d\u00eda anterior, en las inmediaciones de la estaci\u00f3n de trenes de El Arbolito funcionarios de la Municipalidad acompa\u00f1aron a los chicos con algunos juegos disfrutando de una tarde de sol y alegr\u00eda.<\/strong><\/p>\n\n\n\n<p><strong><\/strong><strong>La Municipalidad inform\u00f3 sobre la conmemoraci\u00f3n \u201cActividades por el mes de las Infancias<\/strong><\/p>\n\n\n\n<p><strong><\/strong><strong>\u201cEl fin de semana disfrutamos de tres hermosas jornadas en el marco de la celebraci\u00f3n por el Mes de las Infancias.<\/strong><\/p>\n\n\n\n<p><strong>Estuvimos en El Arbolito, tambi\u00e9n en el Hogar Convivencial \u201cWilliams C. Morris\u201d y terminamos ayer domingo con una bicicleteada de Pibelandia hasta el Polo Cultural y luego hicimos una gran barrileteada.<\/strong><\/p>\n\n\n\n<p><strong>El pr\u00f3ximo fin de semana la gran fiesta ser\u00e1 el domingo en Pibelandia, sin embargo, el d\u00eda s\u00e1bado celebraremos en Pearson y Sarasa\u201d.<\/strong><\/p>\n","protected":false},"excerpt":{"rendered":"<p>El s\u00e1bado en El Arbolito y ayer con una bicicleteada y una barrileteada siguen los festejos por el mes de la infancia, tal como lo denomina la Municipalidad. s Ayer domingo aprovechando&#8230;<\/p>\n","protected":false},"author":1,"featured_media":3045,"comment_status":"open","ping_status":"open","sticky":false,"template":"","format":"standard","meta":{"footnotes":""},"categories":[7,3],"tags":[],"class_list":["post-3044","post","type-post","status-publish","format-standard","has-post-thumbnail","hentry","category-cultura","category-general"],"_links":{"self":[{"href":"https:\/\/emisoracolon.com.ar\/index.php\/wp-json\/wp\/v2\/posts\/3044","targetHints":{"allow":["GET"]}}],"collection":[{"href":"https:\/\/emisoracolon.com.ar\/index.php\/wp-json\/wp\/v2\/posts"}],"about":[{"href":"https:\/\/emisoracolon.com.ar\/index.php\/wp-json\/wp\/v2\/types\/post"}],"author":[{"embeddable":true,"href":"https:\/\/emisoracolon.com.ar\/index.php\/wp-json\/wp\/v2\/users\/1"}],"replies":[{"embeddable":true,"href":"https:\/\/emisoracolon.com.ar\/index.php\/wp-json\/wp\/v2\/comments?post=3044"}],"version-history":[{"count":1,"href":"https:\/\/emisoracolon.com.ar\/index.php\/wp-json\/wp\/v2\/posts\/3044\/revisions"}],"predecessor-version":[{"id":3046,"href":"https:\/\/emisoracolon.com.ar\/index.php\/wp-json\/wp\/v2\/posts\/3044\/revisions\/3046"}],"wp:featuredmedia":[{"embeddable":true,"href":"https:\/\/emisoracolon.com.ar\/index.php\/wp-json\/wp\/v2\/media\/3045"}],"wp:attachment":[{"href":"https:\/\/emisoracolon.com.ar\/index.php\/wp-json\/wp\/v2\/media?parent=3044"}],"wp:term":[{"taxonomy":"category","embeddable":true,"href":"https:\/\/emisoracolon.com.ar\/index.php\/wp-json\/wp\/v2\/categories?post=3044"},{"taxonomy":"post_tag","embeddable":true,"href":"https:\/\/emisoracolon.com.ar\/index.php\/wp-json\/wp\/v2\/tags?post=3044"}],"curies":[{"name":"wp","href":"https:\/\/api.w.org\/{rel}","templated":true}]}}