{"id":2897,"date":"2024-07-31T18:07:43","date_gmt":"2024-07-31T21:07:43","guid":{"rendered":"https:\/\/emisoracolon.com.ar\/?p=2897"},"modified":"2024-07-31T18:07:43","modified_gmt":"2024-07-31T21:07:43","slug":"asamblea-en-comudi","status":"publish","type":"post","link":"https:\/\/emisoracolon.com.ar\/index.php\/2024\/07\/31\/asamblea-en-comudi\/","title":{"rendered":"Asamblea en COMUDI"},"content":{"rendered":"\n<p>El Consejo Municipal de las Personas con Discapacidad (CoMuDi) convoca a la Asamblea que se llevar\u00e1 a cabo el d\u00eda mi\u00e9rcoles 7 de agosto de 2024 a las 19 horas en el recinto del Honorable Concejo Deliberante (17 y 51).<\/p>\n\n\n\n<p>En la misma se proceder\u00e1 al acto de renovaci\u00f3n de las autoridades de la comisi\u00f3n de CoMuDi en el cumplimiento de la Ordenanza 3478 \u201cNorma \u00fanica sobre derechos de las personas con discapacidad\u201d.<\/p>\n","protected":false},"excerpt":{"rendered":"<p>El Consejo Municipal de las Personas con Discapacidad (CoMuDi) convoca a la Asamblea que se llevar\u00e1 a cabo el d\u00eda mi\u00e9rcoles 7 de agosto de 2024 a las 19 horas en el&#8230;<\/p>\n","protected":false},"author":1,"featured_media":2898,"comment_status":"open","ping_status":"open","sticky":false,"template":"","format":"standard","meta":{"footnotes":""},"categories":[1],"tags":[],"class_list":["post-2897","post","type-post","status-publish","format-standard","has-post-thumbnail","hentry","category-sin-categoria"],"_links":{"self":[{"href":"https:\/\/emisoracolon.com.ar\/index.php\/wp-json\/wp\/v2\/posts\/2897","targetHints":{"allow":["GET"]}}],"collection":[{"href":"https:\/\/emisoracolon.com.ar\/index.php\/wp-json\/wp\/v2\/posts"}],"about":[{"href":"https:\/\/emisoracolon.com.ar\/index.php\/wp-json\/wp\/v2\/types\/post"}],"author":[{"embeddable":true,"href":"https:\/\/emisoracolon.com.ar\/index.php\/wp-json\/wp\/v2\/users\/1"}],"replies":[{"embeddable":true,"href":"https:\/\/emisoracolon.com.ar\/index.php\/wp-json\/wp\/v2\/comments?post=2897"}],"version-history":[{"count":1,"href":"https:\/\/emisoracolon.com.ar\/index.php\/wp-json\/wp\/v2\/posts\/2897\/revisions"}],"predecessor-version":[{"id":2899,"href":"https:\/\/emisoracolon.com.ar\/index.php\/wp-json\/wp\/v2\/posts\/2897\/revisions\/2899"}],"wp:featuredmedia":[{"embeddable":true,"href":"https:\/\/emisoracolon.com.ar\/index.php\/wp-json\/wp\/v2\/media\/2898"}],"wp:attachment":[{"href":"https:\/\/emisoracolon.com.ar\/index.php\/wp-json\/wp\/v2\/media?parent=2897"}],"wp:term":[{"taxonomy":"category","embeddable":true,"href":"https:\/\/emisoracolon.com.ar\/index.php\/wp-json\/wp\/v2\/categories?post=2897"},{"taxonomy":"post_tag","embeddable":true,"href":"https:\/\/emisoracolon.com.ar\/index.php\/wp-json\/wp\/v2\/tags?post=2897"}],"curies":[{"name":"wp","href":"https:\/\/api.w.org\/{rel}","templated":true}]}}