{"id":2890,"date":"2024-07-31T17:22:34","date_gmt":"2024-07-31T20:22:34","guid":{"rendered":"https:\/\/emisoracolon.com.ar\/?p=2890"},"modified":"2024-07-31T17:22:34","modified_gmt":"2024-07-31T20:22:34","slug":"miercoles-31-de-julio-del-2024","status":"publish","type":"post","link":"https:\/\/emisoracolon.com.ar\/index.php\/2024\/07\/31\/miercoles-31-de-julio-del-2024\/","title":{"rendered":"Miercoles, 31 de Julio del 2024"},"content":{"rendered":"\n<p><br>Hoy a las 10:00 recibi\u00f3 sepultura en Cementerio Municipal, Clara Matilde G\u00f3mez que falleci\u00f3 ayer a los 73 a\u00f1os. Casa de duelo en calle 54 entre 12 y 13.<br><br><\/p>\n","protected":false},"excerpt":{"rendered":"<p>Hoy a las 10:00 recibi\u00f3 sepultura en Cementerio Municipal, Clara Matilde G\u00f3mez que falleci\u00f3 ayer a los 73 a\u00f1os. Casa de duelo en calle 54 entre 12 y 13.<\/p>\n","protected":false},"author":1,"featured_media":0,"comment_status":"open","ping_status":"open","sticky":false,"template":"","format":"standard","meta":{"footnotes":""},"categories":[8],"tags":[],"class_list":["post-2890","post","type-post","status-publish","format-standard","hentry","category-necrologicas"],"_links":{"self":[{"href":"https:\/\/emisoracolon.com.ar\/index.php\/wp-json\/wp\/v2\/posts\/2890","targetHints":{"allow":["GET"]}}],"collection":[{"href":"https:\/\/emisoracolon.com.ar\/index.php\/wp-json\/wp\/v2\/posts"}],"about":[{"href":"https:\/\/emisoracolon.com.ar\/index.php\/wp-json\/wp\/v2\/types\/post"}],"author":[{"embeddable":true,"href":"https:\/\/emisoracolon.com.ar\/index.php\/wp-json\/wp\/v2\/users\/1"}],"replies":[{"embeddable":true,"href":"https:\/\/emisoracolon.com.ar\/index.php\/wp-json\/wp\/v2\/comments?post=2890"}],"version-history":[{"count":1,"href":"https:\/\/emisoracolon.com.ar\/index.php\/wp-json\/wp\/v2\/posts\/2890\/revisions"}],"predecessor-version":[{"id":2891,"href":"https:\/\/emisoracolon.com.ar\/index.php\/wp-json\/wp\/v2\/posts\/2890\/revisions\/2891"}],"wp:attachment":[{"href":"https:\/\/emisoracolon.com.ar\/index.php\/wp-json\/wp\/v2\/media?parent=2890"}],"wp:term":[{"taxonomy":"category","embeddable":true,"href":"https:\/\/emisoracolon.com.ar\/index.php\/wp-json\/wp\/v2\/categories?post=2890"},{"taxonomy":"post_tag","embeddable":true,"href":"https:\/\/emisoracolon.com.ar\/index.php\/wp-json\/wp\/v2\/tags?post=2890"}],"curies":[{"name":"wp","href":"https:\/\/api.w.org\/{rel}","templated":true}]}}