{"id":2729,"date":"2024-07-23T16:49:28","date_gmt":"2024-07-23T19:49:28","guid":{"rendered":"https:\/\/emisoracolon.com.ar\/?p=2729"},"modified":"2024-07-23T16:49:28","modified_gmt":"2024-07-23T19:49:28","slug":"suspensiones-por-el-mal-tiempo","status":"publish","type":"post","link":"https:\/\/emisoracolon.com.ar\/index.php\/2024\/07\/23\/suspensiones-por-el-mal-tiempo\/","title":{"rendered":"Suspensiones por el mal tiempo"},"content":{"rendered":"\n<p>Las actividades por el receso invernal escolar en el marco del programa \u201cPlacitas en vacaciones\u201d, debi\u00f3 postergarse por las condiciones clim\u00e1ticas. Estaba previsto en El Arbolito de 10:00 a 12:00 pero fue pasado para el jueves a la misma hora. Si ese d\u00eda el clima no ayuda, se hace en el club, Centro Social El Arbolito<\/p>\n\n\n\n<p>Tambi\u00e9n fue suspendida la actividad en la plazoleta de 20 y 39 (Barrio Barracas) que se iba a extender de 14:00 a 16:00.<\/p>\n\n\n\n<p>Sigue el jueves 25 en la Plaza Mirador del Lago, y el viernes 26 en Sarasa (de 13:30 a 15:30) y en Pearson (de 14:00 a 16:00)<\/p>\n\n\n\n<p>Incluyen juegos deportivos, talleres y m\u00fasica coordinados por las subsecretarias de Deportes, Cultura y Desarrollo de la Comunidad.<\/p>\n","protected":false},"excerpt":{"rendered":"<p>Las actividades por el receso invernal escolar en el marco del programa \u201cPlacitas en vacaciones\u201d, debi\u00f3 postergarse por las condiciones clim\u00e1ticas. Estaba previsto en El Arbolito de 10:00 a 12:00 pero fue&#8230;<\/p>\n","protected":false},"author":1,"featured_media":2600,"comment_status":"open","ping_status":"open","sticky":false,"template":"","format":"standard","meta":{"footnotes":""},"categories":[7,3],"tags":[],"class_list":["post-2729","post","type-post","status-publish","format-standard","has-post-thumbnail","hentry","category-cultura","category-general"],"_links":{"self":[{"href":"https:\/\/emisoracolon.com.ar\/index.php\/wp-json\/wp\/v2\/posts\/2729","targetHints":{"allow":["GET"]}}],"collection":[{"href":"https:\/\/emisoracolon.com.ar\/index.php\/wp-json\/wp\/v2\/posts"}],"about":[{"href":"https:\/\/emisoracolon.com.ar\/index.php\/wp-json\/wp\/v2\/types\/post"}],"author":[{"embeddable":true,"href":"https:\/\/emisoracolon.com.ar\/index.php\/wp-json\/wp\/v2\/users\/1"}],"replies":[{"embeddable":true,"href":"https:\/\/emisoracolon.com.ar\/index.php\/wp-json\/wp\/v2\/comments?post=2729"}],"version-history":[{"count":1,"href":"https:\/\/emisoracolon.com.ar\/index.php\/wp-json\/wp\/v2\/posts\/2729\/revisions"}],"predecessor-version":[{"id":2730,"href":"https:\/\/emisoracolon.com.ar\/index.php\/wp-json\/wp\/v2\/posts\/2729\/revisions\/2730"}],"wp:featuredmedia":[{"embeddable":true,"href":"https:\/\/emisoracolon.com.ar\/index.php\/wp-json\/wp\/v2\/media\/2600"}],"wp:attachment":[{"href":"https:\/\/emisoracolon.com.ar\/index.php\/wp-json\/wp\/v2\/media?parent=2729"}],"wp:term":[{"taxonomy":"category","embeddable":true,"href":"https:\/\/emisoracolon.com.ar\/index.php\/wp-json\/wp\/v2\/categories?post=2729"},{"taxonomy":"post_tag","embeddable":true,"href":"https:\/\/emisoracolon.com.ar\/index.php\/wp-json\/wp\/v2\/tags?post=2729"}],"curies":[{"name":"wp","href":"https:\/\/api.w.org\/{rel}","templated":true}]}}