{"id":2710,"date":"2024-07-22T16:52:14","date_gmt":"2024-07-22T19:52:14","guid":{"rendered":"https:\/\/emisoracolon.com.ar\/?p=2710"},"modified":"2024-07-22T16:52:14","modified_gmt":"2024-07-22T19:52:14","slug":"manana-cine-por-las-vacaciones","status":"publish","type":"post","link":"https:\/\/emisoracolon.com.ar\/index.php\/2024\/07\/22\/manana-cine-por-las-vacaciones\/","title":{"rendered":"Ma\u00f1ana cine por las vacaciones"},"content":{"rendered":"\n<p>La Direcci\u00f3n de Discapacidad contin\u00faa generando propuestas libres y gratuitas para toda la comunidad con el objetivo principal de compartir espacios comunes y amigables.<\/p>\n\n\n\n<p>En el marco de las vacaciones de invierno, el pr\u00f3ximo martes 23 a las 15:00, en el Cine Teatro Col\u00f3n realizar\u00e1 una jornada de cine amigable con la proyecci\u00f3n de la pel\u00edcula infantil \u201cintensamente 2\u201d, en un ambiente distendido con las adaptaciones necesarias en luces, sonidos y libertad de movimiento.<\/p>\n","protected":false},"excerpt":{"rendered":"<p>La Direcci\u00f3n de Discapacidad contin\u00faa generando propuestas libres y gratuitas para toda la comunidad con el objetivo principal de compartir espacios comunes y amigables. En el marco de las vacaciones de invierno,&#8230;<\/p>\n","protected":false},"author":1,"featured_media":2711,"comment_status":"open","ping_status":"open","sticky":false,"template":"","format":"standard","meta":{"footnotes":""},"categories":[7,3],"tags":[],"class_list":["post-2710","post","type-post","status-publish","format-standard","has-post-thumbnail","hentry","category-cultura","category-general"],"_links":{"self":[{"href":"https:\/\/emisoracolon.com.ar\/index.php\/wp-json\/wp\/v2\/posts\/2710","targetHints":{"allow":["GET"]}}],"collection":[{"href":"https:\/\/emisoracolon.com.ar\/index.php\/wp-json\/wp\/v2\/posts"}],"about":[{"href":"https:\/\/emisoracolon.com.ar\/index.php\/wp-json\/wp\/v2\/types\/post"}],"author":[{"embeddable":true,"href":"https:\/\/emisoracolon.com.ar\/index.php\/wp-json\/wp\/v2\/users\/1"}],"replies":[{"embeddable":true,"href":"https:\/\/emisoracolon.com.ar\/index.php\/wp-json\/wp\/v2\/comments?post=2710"}],"version-history":[{"count":1,"href":"https:\/\/emisoracolon.com.ar\/index.php\/wp-json\/wp\/v2\/posts\/2710\/revisions"}],"predecessor-version":[{"id":2712,"href":"https:\/\/emisoracolon.com.ar\/index.php\/wp-json\/wp\/v2\/posts\/2710\/revisions\/2712"}],"wp:featuredmedia":[{"embeddable":true,"href":"https:\/\/emisoracolon.com.ar\/index.php\/wp-json\/wp\/v2\/media\/2711"}],"wp:attachment":[{"href":"https:\/\/emisoracolon.com.ar\/index.php\/wp-json\/wp\/v2\/media?parent=2710"}],"wp:term":[{"taxonomy":"category","embeddable":true,"href":"https:\/\/emisoracolon.com.ar\/index.php\/wp-json\/wp\/v2\/categories?post=2710"},{"taxonomy":"post_tag","embeddable":true,"href":"https:\/\/emisoracolon.com.ar\/index.php\/wp-json\/wp\/v2\/tags?post=2710"}],"curies":[{"name":"wp","href":"https:\/\/api.w.org\/{rel}","templated":true}]}}