{"id":2507,"date":"2024-07-10T18:23:11","date_gmt":"2024-07-10T21:23:11","guid":{"rendered":"https:\/\/emisoracolon.com.ar\/?p=2507"},"modified":"2024-07-10T18:25:16","modified_gmt":"2024-07-10T21:25:16","slug":"la-direccion-de-tercera-edad-continua-trabajando-junto-a-personas-mayores-en-el-taller-abierta-mente-que-se-dicta-en-el-marco-del-programa-promoviendo-buenos-tratos","status":"publish","type":"post","link":"https:\/\/emisoracolon.com.ar\/index.php\/2024\/07\/10\/la-direccion-de-tercera-edad-continua-trabajando-junto-a-personas-mayores-en-el-taller-abierta-mente-que-se-dicta-en-el-marco-del-programa-promoviendo-buenos-tratos\/","title":{"rendered":"Abiertamente."},"content":{"rendered":"\n<p><\/p>\n\n\n\n<p>La Direcci\u00f3n de Tercera Edad contin\u00faa trabajando junto a personas mayores en el Taller \u201cAbierta-mente\u201d, que se dicta en el marco del Programa &#8220;Promoviendo Buenos Tratos&#8221;.<\/p>\n\n\n\n<p>La propuesta consta de dos talleres: Uno de tecnolog\u00eda y otro de estimulaci\u00f3n y memoria, que se dictan con gran \u00e9xito en nuestro Polo Universitario.<\/p>\n","protected":false},"excerpt":{"rendered":"<p>La Direcci\u00f3n de Tercera Edad contin\u00faa trabajando junto a personas mayores en el Taller \u201cAbierta-mente\u201d, que se dicta en el marco del Programa &#8220;Promoviendo Buenos Tratos&#8221;. La propuesta consta de dos talleres:&#8230;<\/p>\n","protected":false},"author":1,"featured_media":2508,"comment_status":"open","ping_status":"open","sticky":false,"template":"","format":"standard","meta":{"footnotes":""},"categories":[7,3],"tags":[],"class_list":["post-2507","post","type-post","status-publish","format-standard","has-post-thumbnail","hentry","category-cultura","category-general"],"_links":{"self":[{"href":"https:\/\/emisoracolon.com.ar\/index.php\/wp-json\/wp\/v2\/posts\/2507","targetHints":{"allow":["GET"]}}],"collection":[{"href":"https:\/\/emisoracolon.com.ar\/index.php\/wp-json\/wp\/v2\/posts"}],"about":[{"href":"https:\/\/emisoracolon.com.ar\/index.php\/wp-json\/wp\/v2\/types\/post"}],"author":[{"embeddable":true,"href":"https:\/\/emisoracolon.com.ar\/index.php\/wp-json\/wp\/v2\/users\/1"}],"replies":[{"embeddable":true,"href":"https:\/\/emisoracolon.com.ar\/index.php\/wp-json\/wp\/v2\/comments?post=2507"}],"version-history":[{"count":3,"href":"https:\/\/emisoracolon.com.ar\/index.php\/wp-json\/wp\/v2\/posts\/2507\/revisions"}],"predecessor-version":[{"id":2512,"href":"https:\/\/emisoracolon.com.ar\/index.php\/wp-json\/wp\/v2\/posts\/2507\/revisions\/2512"}],"wp:featuredmedia":[{"embeddable":true,"href":"https:\/\/emisoracolon.com.ar\/index.php\/wp-json\/wp\/v2\/media\/2508"}],"wp:attachment":[{"href":"https:\/\/emisoracolon.com.ar\/index.php\/wp-json\/wp\/v2\/media?parent=2507"}],"wp:term":[{"taxonomy":"category","embeddable":true,"href":"https:\/\/emisoracolon.com.ar\/index.php\/wp-json\/wp\/v2\/categories?post=2507"},{"taxonomy":"post_tag","embeddable":true,"href":"https:\/\/emisoracolon.com.ar\/index.php\/wp-json\/wp\/v2\/tags?post=2507"}],"curies":[{"name":"wp","href":"https:\/\/api.w.org\/{rel}","templated":true}]}}